{"id":85112,"date":"2022-04-20T12:34:55","date_gmt":"2022-04-20T15:34:55","guid":{"rendered":"https:\/\/www.actualidadadiario.com\/?p=85112"},"modified":"2022-04-20T12:34:55","modified_gmt":"2022-04-20T15:34:55","slug":"alberto-presentara-el-inicio-de-la-construccion-del-gasoducto-nestor-kirchner-2","status":"publish","type":"post","link":"https:\/\/www.actualidadadiario.com\/index.php\/2022\/04\/20\/alberto-presentara-el-inicio-de-la-construccion-del-gasoducto-nestor-kirchner-2\/","title":{"rendered":"Alberto presentar\u00e1 el inicio de la construcci\u00f3n del gasoducto N\u00e9stor Kirchner"},"content":{"rendered":"<p style=\"text-align: center;\"><em><strong>El Presidente estar\u00e1 en el acto de inicio de la licitaci\u00f3n del nuevo gasoducto junto al secretario de Energ\u00eda Dar\u00edo Mart\u00ednez. Dar\u00e1 comienzo al proceso de construcci\u00f3n del gasoducto N\u00e9stor Kirchner, que buscar\u00e1 vincular la formaci\u00f3n de hidrocarburos Vaca Muerta con la provincia de Buenos Aires<\/strong><\/em><\/p>\n<p>&nbsp;<\/p>\n<p>&nbsp;<\/p>\n<p>El presidente Alberto Fern\u00e1ndez visitar\u00e1 la operaci\u00f3n de YPF en la provincia de Neuqu\u00e9n y dar\u00e1 comienzo al proceso de construcci\u00f3n del gasoducto N\u00e9stor Kirchner, que buscar\u00e1 vincular la formaci\u00f3n de hidrocarburos Vaca Muerta con la provincia de Buenos Aires, en una obra que, aseguran desde el Gobierno nacional, permitir\u00e1 a la Argentina poder aumentar la producci\u00f3n y capacidad de transporte de energ\u00eda.<\/p>\n<p>Seg\u00fan informaron fuentes oficiales, el mandatario se har\u00e1 presente en las instalaciones de YPF en Vaca Muerta ma\u00f1ana, junto con una comitiva de funcionarios. \u201cA 10 a\u00f1os de una decisi\u00f3n estrat\u00e9gica como fue la recuperaci\u00f3n de YPF tomada por la expresidenta Cristina Fern\u00e1ndez de Kirchner, la construcci\u00f3n del gasoducto es otro hito en el camino de lograr la soberan\u00eda energ\u00e9tica\u201d, consideraron fuentes oficiales. En rigor, ese d\u00eda se realizar\u00e1 el comienzo del proceso, es decir el llamado a licitaci\u00f3n, mientras que la construcci\u00f3n propiamente dicha se estima que inicie en agosto.<\/p>\n<p>El nuevo gasoducto ser\u00e1 construido en dos etapas. La primera conectar\u00e1 la localidad de Tratayen (Neuqu\u00e9n) con Salliquel\u00f3 (Buenos Aires), lo que implicar\u00e1 la construcci\u00f3n de unos 558 kil\u00f3metros de ca\u00f1o y permitir\u00e1 incrementar la capacidad de transporte en 24 millones de metros c\u00fabicos diarios. La obra tiene un costo aproximado de 1.500 millones de d\u00f3lares y ser\u00e1 financiado con fondos del Tesoro, y del impuesto extraordinario a las grandes fortunas que el Gobierno implement\u00f3 el a\u00f1o pasado.<\/p>\n<p>Con la visita de Alberto Fern\u00e1ndez se realizar\u00e1 el comienzo del proceso, es decir el llamado a licitaci\u00f3n, mientras que la construcci\u00f3n propiamente dicha se estima que inicie en agosto. La segunda etapa permitir\u00e1 llegar con gas natural al sur de la provincia de Santa Fe y, se estima, abrir\u00e1 la posibilidad a llegar a grandes centros urbanos e industrias del centro y norte del pa\u00eds, como as\u00ed tambi\u00e9n la posibilidad de exportaci\u00f3n a Brasil y norte de Chile.<\/p>\n<p>En una foto de acercamiento, el presidente ser\u00e1 acompa\u00f1ado de dos funcionarios clave como el subsecretario de Energ\u00eda El\u00e9ctrica Federico Basualdo y el titular de Enargas, Federico Bernal, quienes son m\u00e1s cercanos al sector del Frente de Todos que representa la vicepresidenta Cristina Kirchner. Mart\u00ednez.<\/p>\n<p>&nbsp;<\/p>\n<p><strong>Etapas del gasoducto <\/strong><\/p>\n<p>La primera conectar\u00e1 la localidad de Tratayen (Neuqu\u00e9n) con Salliquel\u00f3 (Buenos Aires), lo que implicar\u00e1 la construcci\u00f3n de unos 558 kil\u00f3metros de ca\u00f1o y permitir\u00e1 incrementar la capacidad de transporte en 24 millones de metros c\u00fabicos diarios. El sistema actual de gasoductos -tiene entre 40 y 50 a\u00f1os- queda saturado en los meses de invierno. Un cuello de botella que cuesta miles de millones de d\u00f3lares por a\u00f1o en importaciones: para poder satisfacer el pico de la demanda en los meses m\u00e1s fr\u00edos se importa gas de Bolivia o gas natural licuado (GNL) a trav\u00e9s de barcos, con altos precios internacionales que se dispararon en los \u00faltimos meses. El Gobierno espera que el gasoducto convierta al pa\u00eds en exportador de energ\u00eda.<\/p>\n<p>En cuanto a la obra de construcci\u00f3n del gasoducto, las fechas estimadas son:\u00a0 Llamado a licitaci\u00f3n: 20 de abril; Presentaci\u00f3n de ofertas: 20 de mayo; Adjudicaci\u00f3n de obras: 15 de junio; e inicio de obras: agosto de 2022<\/p>\n<p>Las empresas que confirmaron que van a participar de esta licitaci\u00f3n son Techint y Sacde, la constructora de Pampa Energ\u00eda. Seg\u00fan las fuentes, bajo este esquema, y si se logra la entrega el estudio de impacto ambiental el 31 de mayo de 2022, la obra estar\u00eda ingresando en servicio el 31 de mayo de 2023. Si se logra la entrega el estudio de impacto ambiental el 31 de mayo de 2022, la obra estar\u00eda ingresando en servicio el 31 de mayo de 2023.<\/p>\n","protected":false},"excerpt":{"rendered":"<p>El Presidente estar\u00e1 en el acto de inicio de la licitaci\u00f3n del nuevo gasoducto junto al secretario de Energ\u00eda Dar\u00edo Mart\u00ednez. Dar\u00e1 comienzo al proceso de construcci\u00f3n del gasoducto N\u00e9stor Kirchner, que buscar\u00e1 vincular la formaci\u00f3n de hidrocarburos Vaca Muerta con la provincia de Buenos Aires &nbsp; &nbsp; El presidente Alberto Fern\u00e1ndez visitar\u00e1 la operaci\u00f3n de YPF en la provincia de Neuqu\u00e9n y dar\u00e1 comienzo al proceso de construcci\u00f3n del gasoducto N\u00e9stor Kirchner, que buscar\u00e1 vincular la formaci\u00f3n de hidrocarburos Vaca Muerta con la provincia de Buenos Aires, en una&#8230;<\/p>\n","protected":false},"author":3,"featured_media":85019,"comment_status":"closed","ping_status":"closed","sticky":false,"template":"","format":"standard","meta":[],"categories":[18],"tags":[],"_links":{"self":[{"href":"https:\/\/www.actualidadadiario.com\/index.php\/wp-json\/wp\/v2\/posts\/85112"}],"collection":[{"href":"https:\/\/www.actualidadadiario.com\/index.php\/wp-json\/wp\/v2\/posts"}],"about":[{"href":"https:\/\/www.actualidadadiario.com\/index.php\/wp-json\/wp\/v2\/types\/post"}],"author":[{"embeddable":true,"href":"https:\/\/www.actualidadadiario.com\/index.php\/wp-json\/wp\/v2\/users\/3"}],"replies":[{"embeddable":true,"href":"https:\/\/www.actualidadadiario.com\/index.php\/wp-json\/wp\/v2\/comments?post=85112"}],"version-history":[{"count":1,"href":"https:\/\/www.actualidadadiario.com\/index.php\/wp-json\/wp\/v2\/posts\/85112\/revisions"}],"predecessor-version":[{"id":85113,"href":"https:\/\/www.actualidadadiario.com\/index.php\/wp-json\/wp\/v2\/posts\/85112\/revisions\/85113"}],"wp:featuredmedia":[{"embeddable":true,"href":"https:\/\/www.actualidadadiario.com\/index.php\/wp-json\/wp\/v2\/media\/85019"}],"wp:attachment":[{"href":"https:\/\/www.actualidadadiario.com\/index.php\/wp-json\/wp\/v2\/media?parent=85112"}],"wp:term":[{"taxonomy":"category","embeddable":true,"href":"https:\/\/www.actualidadadiario.com\/index.php\/wp-json\/wp\/v2\/categories?post=85112"},{"taxonomy":"post_tag","embeddable":true,"href":"https:\/\/www.actualidadadiario.com\/index.php\/wp-json\/wp\/v2\/tags?post=85112"}],"curies":[{"name":"wp","href":"https:\/\/api.w.org\/{rel}","templated":true}]}}