{"id":85109,"date":"2022-04-20T12:34:04","date_gmt":"2022-04-20T15:34:04","guid":{"rendered":"https:\/\/www.actualidadadiario.com\/?p=85109"},"modified":"2022-04-20T12:34:04","modified_gmt":"2022-04-20T15:34:04","slug":"senado-nueva-reunion-para-avanzar-en-el-proyecto-para-pagar-la-deuda-con-fondos-fugados","status":"publish","type":"post","link":"https:\/\/www.actualidadadiario.com\/index.php\/2022\/04\/20\/senado-nueva-reunion-para-avanzar-en-el-proyecto-para-pagar-la-deuda-con-fondos-fugados\/","title":{"rendered":"Senado: nueva reuni\u00f3n para avanzar en el proyecto para pagar la deuda con fondos fugados"},"content":{"rendered":"<p style=\"text-align: center;\"><em><strong>Las comisiones de Legislaci\u00f3n General y de Presupuesto y Hacienda del Senado continuar\u00e1n escuchando las opiniones de especialistas y prev\u00e9n la posibilidad de introducir modificaciones al texto original<\/strong><\/em><\/p>\n<p>&nbsp;<\/p>\n<p>&nbsp;<\/p>\n<p>Una nueva reuni\u00f3n de las comisiones de Legislaci\u00f3n General y de Presupuesto y Hacienda del Senado se realizar\u00e1 este mi\u00e9rcoles para debatir los proyectos que buscan pagar la deuda contra\u00edda con el Fondo Monetario Internacional (FMI) con fondos de argentinos que fueron fugados al exterior.<\/p>\n<p>El encuentro est\u00e1 previsto para las 14 y fuentes parlamentarias indicaron que podr\u00eda haber dictamen si se producen algunos cambios, seg\u00fan analizaron este martes tras una reuni\u00f3n con especialistas.<\/p>\n<p>Los expositores fueron aportados por el oficialismo y por la oposici\u00f3n y motivaron que los autores del proyecto, impulsado por el Frente de Todos (FdT), admitan la posibilidad de incluir modificaciones.<\/p>\n<p>As\u00ed lo afirmaron la senadora por la provincia de Buenos Aires, Juliana Di Tullio, y su compa\u00f1ero de bancada, el neuquino Oscar Parrilli.<\/p>\n<p>La senadora bonaerense revel\u00f3 que la intenci\u00f3n del proyecto, que apunta a cobrar una tasa sobre los bienes fugados al exterior, es que &#8220;no sea una excusa para el blanqueo de dinero por la comisi\u00f3n de delitos aberrantes&#8221;.<\/p>\n<p>En el mismo sentido se expres\u00f3 Parrilli, quien enumer\u00f3 una serie de cambios al texto que podr\u00eda ser dictaminado.<\/p>\n<p>&#8220;Vamos a aclarar en el texto expresamente que la \u00fanica actividad il\u00edcita que exime la ley es en la cuesti\u00f3n penal tributaria y de evasi\u00f3n fiscal. Siguen afuera (sin eximici\u00f3n) el lavado de dinero, el narcotr\u00e1fico, la trata de personas, el contrabando, el terrorismo y dem\u00e1s&#8221;, enumer\u00f3.<\/p>\n<p>A\u00f1adi\u00f3 que el colaborador debe &#8220;dar informaci\u00f3n que sea veraz, confiable, contundente y sincera&#8221; y que no ir\u00e1 a la AFIP a hacer la denuncia, sino al Ministerio de Justicia, que crear\u00e1 una oficina especial.<\/p>\n<p>Advirti\u00f3 que la informaci\u00f3n falsa brindada por un colaborador ser\u00e1 considerada delito; que el monto m\u00ednimo a denunciar es de 500.000 d\u00f3lares y que se exime de ser denunciantes a abogados, escribanos y contadores.<\/p>\n<p>La participaci\u00f3n de los legisladores del Frente de Todos se produjo cuando expuso Jimena de la Torre, abogada especialista en impuestos y pol\u00edtica fiscal, exasesora en el Ministerio de Hacienda en la redacci\u00f3n de la Ley de Sinceramiento Fiscal y recientemente elegida para integrar el Consejo de la Magistratura.<\/p>\n<p>&#8220;Esto es un impuesto porque tiene una base imponible, un sujeto pasivo y un sujeto activo. No tiene importancia el nombre que le pongan&#8221;, explic\u00f3 De la Torre.<\/p>\n<p>En rechazo a parte del proyecto expres\u00f3 que &#8220;lo m\u00e1s preocupante es que estamos convirtiendo al Estado Nacional en un veh\u00edculo para el lavado de activos. El origen de los fondos es fundamental. Este proyecto dice que no lo vamos a revisar&#8221;, destac\u00f3 De la Torre.<\/p>\n<p>Previamente, el doctor en Ciencias Sociales de la UBA Pablo Manzanelli cuestion\u00f3 duramente el endeudamiento durante el Gobierno del expresidente Mauricio Macri al recordar que fue &#8220;el monto m\u00e1s elevado desde 1976&#8221;.<\/p>\n<p>&#8220;El Gobierno actual hizo una reestructuraci\u00f3n que debi\u00f3 haber sido m\u00e1s agresiva porque en el mejor de los casos pospusimos el pago de la deuda para mediados de los a\u00f1os 20&#8221;, indic\u00f3.<\/p>\n<p>Adem\u00e1s, Manzanelli mencion\u00f3 que &#8220;si uno no quiere hacer un ajuste, es necesario desplegar iniciativas que busquen resolver este gran problema&#8221;.<\/p>\n<p>&#8220;Este proyecto podr\u00eda contribuir en ese sentido. No necesariamente lo resolver\u00e1&#8221;, destac\u00f3.<\/p>\n<p>Por su parte, el contador p\u00fablico y especialista en finanzas Andr\u00e9s Edelstein afirm\u00f3 que &#8220;esto es un blanqueo&#8221; y disconforme con el proyecto agreg\u00f3 que &#8220;no es oportuno porque en los \u00faltimos trece a\u00f1os existieron cuatro reg\u00edmenes de estas caracter\u00edsticas&#8221;.<\/p>\n<p>&#8220;Estos reg\u00edmenes se implementan cuando se incrementa la percepci\u00f3n de riesgo por parte del contribuyente. Por ejemplo cuando est\u00e1 por ingresar un acuerdo de intercambio de informaci\u00f3n entre pa\u00edses. O cuando se dan circunstancias convenientes cuando se dan inversiones&#8221;, describi\u00f3.<\/p>\n<p>El abogado constitucionalista Eduardo Barcesat, subray\u00f3 que &#8220;la Constituci\u00f3n establece que corresponde al Congreso arreglar la deuda exterior e interior de la Naci\u00f3n&#8221;.<\/p>\n<p>&#8220;Enfrentar el tema de la fuga de capitales en orden a atender al arreglo de la deuda externa es una norma que las provincias deben valorar porque liberan la carga del conjunto de las riquezas que no gozan de ning\u00fan beneficio y est\u00e1n expuestas como garant\u00eda del repago de la deuda&#8221;, asever\u00f3.<\/p>\n<p>Y respald\u00f3 la figura del sujeto colaborador que brindar\u00eda al Estado informaci\u00f3n sobre d\u00f3nde est\u00e1 el dinero fugado al exterior.<\/p>\n","protected":false},"excerpt":{"rendered":"<p>Las comisiones de Legislaci\u00f3n General y de Presupuesto y Hacienda del Senado continuar\u00e1n escuchando las opiniones de especialistas y prev\u00e9n la posibilidad de introducir modificaciones al texto original &nbsp; &nbsp; Una nueva reuni\u00f3n de las comisiones de Legislaci\u00f3n General y de Presupuesto y Hacienda del Senado se realizar\u00e1 este mi\u00e9rcoles para debatir los proyectos que buscan pagar la deuda contra\u00edda con el Fondo Monetario Internacional (FMI) con fondos de argentinos que fueron fugados al exterior. El encuentro est\u00e1 previsto para las 14 y fuentes parlamentarias indicaron que podr\u00eda haber dictamen&#8230;<\/p>\n","protected":false},"author":3,"featured_media":85110,"comment_status":"closed","ping_status":"closed","sticky":false,"template":"","format":"standard","meta":[],"categories":[18],"tags":[],"_links":{"self":[{"href":"https:\/\/www.actualidadadiario.com\/index.php\/wp-json\/wp\/v2\/posts\/85109"}],"collection":[{"href":"https:\/\/www.actualidadadiario.com\/index.php\/wp-json\/wp\/v2\/posts"}],"about":[{"href":"https:\/\/www.actualidadadiario.com\/index.php\/wp-json\/wp\/v2\/types\/post"}],"author":[{"embeddable":true,"href":"https:\/\/www.actualidadadiario.com\/index.php\/wp-json\/wp\/v2\/users\/3"}],"replies":[{"embeddable":true,"href":"https:\/\/www.actualidadadiario.com\/index.php\/wp-json\/wp\/v2\/comments?post=85109"}],"version-history":[{"count":1,"href":"https:\/\/www.actualidadadiario.com\/index.php\/wp-json\/wp\/v2\/posts\/85109\/revisions"}],"predecessor-version":[{"id":85111,"href":"https:\/\/www.actualidadadiario.com\/index.php\/wp-json\/wp\/v2\/posts\/85109\/revisions\/85111"}],"wp:featuredmedia":[{"embeddable":true,"href":"https:\/\/www.actualidadadiario.com\/index.php\/wp-json\/wp\/v2\/media\/85110"}],"wp:attachment":[{"href":"https:\/\/www.actualidadadiario.com\/index.php\/wp-json\/wp\/v2\/media?parent=85109"}],"wp:term":[{"taxonomy":"category","embeddable":true,"href":"https:\/\/www.actualidadadiario.com\/index.php\/wp-json\/wp\/v2\/categories?post=85109"},{"taxonomy":"post_tag","embeddable":true,"href":"https:\/\/www.actualidadadiario.com\/index.php\/wp-json\/wp\/v2\/tags?post=85109"}],"curies":[{"name":"wp","href":"https:\/\/api.w.org\/{rel}","templated":true}]}}