{"id":85106,"date":"2022-04-20T12:33:16","date_gmt":"2022-04-20T15:33:16","guid":{"rendered":"https:\/\/www.actualidadadiario.com\/?p=85106"},"modified":"2022-04-20T12:33:16","modified_gmt":"2022-04-20T15:33:16","slug":"juntos-por-el-cambio-amenaza-a-cristina-kirchner-y-sergio-massa-para-sumar-mas-consejeros","status":"publish","type":"post","link":"https:\/\/www.actualidadadiario.com\/index.php\/2022\/04\/20\/juntos-por-el-cambio-amenaza-a-cristina-kirchner-y-sergio-massa-para-sumar-mas-consejeros\/","title":{"rendered":"Juntos por el Cambio amenaza a Cristina Kirchner y Sergio Massa para sumar m\u00e1s consejeros"},"content":{"rendered":"<p style=\"text-align: center;\"><em><strong>Juntos por el Cambio sali\u00f3 a reforzar la alianza estrat\u00e9gica con la Corte Suprema en una conferencia de prensa en la que exigieron a los titulares del Senado y Diputados, Cristina Fern\u00e1ndez de Kirchner y Sergio Massa, que hagan exactamente lo que Horacio Rosatti les ordene: nombrar a los consejeros que dispon\u00eda una ley de 1997 que fue derogada<\/strong><\/em><\/p>\n<p>&nbsp;<\/p>\n<p>&nbsp;<\/p>\n<p>En la misma l\u00ednea, la titular de la Coalici\u00f3n C\u00edvica, Elisa Carri\u00f3, envi\u00f3 una carta intimando a ambas autoridades del Congreso y dijo que, de no hacer lo que exige Rosatti, se est\u00e1n &#8220;alzando contra el orden constitucional&#8221;. Y dijo que los denunciar\u00e1 por sedici\u00f3n e incumplimiento de los deberes del funcionario p\u00fablico. Todos anunciaron que buscar\u00e1n avanzar -en la misma l\u00ednea de la Corte- en la destituci\u00f3n del juez de Paran\u00e1 que firm\u00f3 una cautelar para evitar el nombramiento de nuevos consejeros.<\/p>\n<p>&nbsp;<\/p>\n<p><strong>Horacio Rosatti, de traidor a pr\u00f3cer<\/strong><\/p>\n<p>Fue una conferencia de prensa para lucirse cuestionando al Gobierno, al tiempo que ignoraban adrede que la Corte podr\u00eda estar avanzando en facultades del Poder Legislativo. En las \u00faltimas horas, Rosatti -a quien Mauricio Macri despreci\u00f3 en su libro Primer tiempo y hasta reconoci\u00f3 que se arrepent\u00eda de haberlo nombrado- pas\u00f3 a ser una suerte de pr\u00f3cer entre los opositores. Queda para la imaginaci\u00f3n del lector o la lectora c\u00f3mo hubieran reaccionado los mismos dirigentes si la Corte hubiera tomado esta determinaci\u00f3n en 2016, cuando tuvo posibilidad de dictar sentencia.<\/p>\n<p>La conferencia la encabezaron los presidentes de bloque y los candidatos para el nuevo Consejo de la Magistratura: el juecista Luis Juez por el Senado y la radical Roxana Reyes por diputados. En l\u00edneas generales, plantearon que nada de lo que diga Rosatti &#8220;es opinable&#8221; y que hay que acatar lo que plantea. Y exigieron a los titulares del Senado y Diputados que \u201cretomen el camino de la racionalidad y acaten el fallo de la Corte\u201d.<\/p>\n<p>Si bien no est\u00e1 claro que sean Juez y Reyes quienes deban ocupar los asientos en el &#8220;nuevo&#8221; consejo, el cordob\u00e9s se mostr\u00f3 decidido a que tampoco las intenciones de Juntos por el Cambio sean opinables: \u201cNo estamos mendigando nada que no nos corresponda. Que quede claro. Aunque parezca redundante, no es una interpretaci\u00f3n que Cristina y Massa puedan hacer del tema. Pareciera que entramos en un juego en el que nosotros no estamos. Vamos a pedirle a Cristina Kirchner que cumpla la ley y si no la voy a denunciar penalmente por incumplimiento de los deberes de funcionario p\u00fablico. No estamos pidiendo que nos regale nada que no le corresponde a la oposici\u00f3n\u201d, dijo Juez.<\/p>\n<p>&nbsp;<\/p>\n<p><strong>Juez y el &#8220;capricho de Cristina&#8221;<\/strong><\/p>\n<p>Conocido por sus declaraciones mis\u00f3ginas, Juez redujo toda la crisis institucional a un capricho de la vicepresidenta. \u201cNos vemos todos inmersos en un capricho de una mujer que le tiene p\u00e1nico a la justicia. Los problemas de la Argentina son mucho m\u00e1s profundos que los problemas judiciales de la vicepresidenta. La gente no lo va a tolerar ni nos va a permitir que nos entretengamos en cuestiones secundarias\u201d, afirm\u00f3 Juez. &#8220;Las sentencias de la Corte deben acatarse. El \u00fanico camino es el cumplimiento de la sentencia\u201d, se sum\u00f3 Reyes.<\/p>\n<p>El jefe del bloque PRO en el Senado, Humberto Schiavoni, sostuvo que &#8220;el fallo de la Corte es muy claro, no es opinable sino acatable. No tiene ning\u00fan tipo de doble interpretaci\u00f3n\u201d. En tanto, el presidente de uno de los bloques de la UCR en Diputados, Mario Negri, afirm\u00f3 que avanzar\u00e1n contra el juez de Paran\u00e1 Daniel Alonso, en sinton\u00eda con la Corte, que no solo anul\u00f3 su fallo sino que lo denunci\u00f3 ante el Consejo (que tambi\u00e9n preside Rosatti). Negri dijo que pedir\u00e1n que Alberto Fern\u00e1ndez retire el pliego del juez Alonso que est\u00e1 nominado en el Senado para ocupar un lugar en la c\u00e1mara penal de la ciudad de Buenos Aires. De esta forma, y sin temor al principio de contradicci\u00f3n, en una misma conferencia dijeron que los fallos judiciales no son opinables y pidieron destituir a un juez por una cautelar.<\/p>\n<p>Por su parte, el jefe del bloque PRO en Diputados, Cristian Ritondo, afirm\u00f3: \u201cLlamamos a la reflexi\u00f3n a Massa y a Cristina Kirchner para que retomen el camino de la racionalidad y acaten el fallo de la Corte. Este tipo de fallos no tienen una libre interpretaci\u00f3n sino que son de cumplimiento efectivo\u201d.<\/p>\n<p>&nbsp;<\/p>\n<p><strong>Elisa Carri\u00f3, la adelantada<\/strong><\/p>\n<p>Antes de la conferencia de prensa, Carri\u00f3 ya los hab\u00eda primereado con una carta que envi\u00f3 tanto a Massa como a CFK. En ella les exigi\u00f3 que integren a los nuevos consejeros dispuestos por el fallo de la Corte. Y los amenaz\u00f3: dijo que \u201ccualquier otra decisi\u00f3n\u201d, que no sea avanzar con los nombramientos, representa \u201cun alzamiento inadmisible contra una sentencia dictada por la Corte Suprema de Justicia de la Naci\u00f3n, en definitiva, un alzamiento contra el orden constitucional\u201d. Y dijo que los denunciar\u00e1 penalmente, en ese caso, por sedici\u00f3n.<\/p>\n<p>Adem\u00e1s de su carta, Carri\u00f3 dijo p\u00fablicamente que el juez de Paran\u00e1 es un delincuente y hay que echarlo: \u201cHay una intenci\u00f3n criminal del juez de Paran\u00e1 y nosotros vamos a trabajar en su juicio pol\u00edtico\u201d, explic\u00f3. Y culp\u00f3 de todo lo que ocurri\u00f3 a la vicepresidenta: \u201cElla quiere que termine en un desastre para poder polarizar con Milei\u201d.<\/p>\n<p>La estrategia de Juntos por el Cambio de aqu\u00ed en m\u00e1s parece cantada: bloquear cualquier intento en Diputados de aprobar la nueva ley que reforma el Consejo de la Magistratura y trabajar en alianza con Rosatti en un Consejo creado ad hoc por la Corte Suprema.<\/p>\n","protected":false},"excerpt":{"rendered":"<p>Juntos por el Cambio sali\u00f3 a reforzar la alianza estrat\u00e9gica con la Corte Suprema en una conferencia de prensa en la que exigieron a los titulares del Senado y Diputados, Cristina Fern\u00e1ndez de Kirchner y Sergio Massa, que hagan exactamente lo que Horacio Rosatti les ordene: nombrar a los consejeros que dispon\u00eda una ley de 1997 que fue derogada &nbsp; &nbsp; En la misma l\u00ednea, la titular de la Coalici\u00f3n C\u00edvica, Elisa Carri\u00f3, envi\u00f3 una carta intimando a ambas autoridades del Congreso y dijo que, de no hacer lo que&#8230;<\/p>\n","protected":false},"author":3,"featured_media":85107,"comment_status":"closed","ping_status":"closed","sticky":false,"template":"","format":"standard","meta":[],"categories":[18],"tags":[],"_links":{"self":[{"href":"https:\/\/www.actualidadadiario.com\/index.php\/wp-json\/wp\/v2\/posts\/85106"}],"collection":[{"href":"https:\/\/www.actualidadadiario.com\/index.php\/wp-json\/wp\/v2\/posts"}],"about":[{"href":"https:\/\/www.actualidadadiario.com\/index.php\/wp-json\/wp\/v2\/types\/post"}],"author":[{"embeddable":true,"href":"https:\/\/www.actualidadadiario.com\/index.php\/wp-json\/wp\/v2\/users\/3"}],"replies":[{"embeddable":true,"href":"https:\/\/www.actualidadadiario.com\/index.php\/wp-json\/wp\/v2\/comments?post=85106"}],"version-history":[{"count":1,"href":"https:\/\/www.actualidadadiario.com\/index.php\/wp-json\/wp\/v2\/posts\/85106\/revisions"}],"predecessor-version":[{"id":85108,"href":"https:\/\/www.actualidadadiario.com\/index.php\/wp-json\/wp\/v2\/posts\/85106\/revisions\/85108"}],"wp:featuredmedia":[{"embeddable":true,"href":"https:\/\/www.actualidadadiario.com\/index.php\/wp-json\/wp\/v2\/media\/85107"}],"wp:attachment":[{"href":"https:\/\/www.actualidadadiario.com\/index.php\/wp-json\/wp\/v2\/media?parent=85106"}],"wp:term":[{"taxonomy":"category","embeddable":true,"href":"https:\/\/www.actualidadadiario.com\/index.php\/wp-json\/wp\/v2\/categories?post=85106"},{"taxonomy":"post_tag","embeddable":true,"href":"https:\/\/www.actualidadadiario.com\/index.php\/wp-json\/wp\/v2\/tags?post=85106"}],"curies":[{"name":"wp","href":"https:\/\/api.w.org\/{rel}","templated":true}]}}