{"id":85102,"date":"2022-04-20T12:32:21","date_gmt":"2022-04-20T15:32:21","guid":{"rendered":"https:\/\/www.actualidadadiario.com\/?p=85102"},"modified":"2022-04-20T12:32:33","modified_gmt":"2022-04-20T15:32:33","slug":"martinez-le-pidio-a-massa-que-se-abstenga-de-nombrar-nuevos-representantes","status":"publish","type":"post","link":"https:\/\/www.actualidadadiario.com\/index.php\/2022\/04\/20\/martinez-le-pidio-a-massa-que-se-abstenga-de-nombrar-nuevos-representantes\/","title":{"rendered":"Mart\u00ednez le pidi\u00f3 a Massa que se abstenga de nombrar nuevos representantes"},"content":{"rendered":"<p style=\"text-align: center;\"><em><strong>El presidente del bloque de diputados del FdT\u00a0 solicit\u00f3 esperar hasta que quede claro el criterio para definir de lo que se considera &#8216;el bloque con mayor representaci\u00f3n legislativa&#8217;, &#8216;la primera minor\u00eda&#8217; y &#8216;la segunda minor\u00eda&#8217;<\/strong><\/em><\/p>\n<p>&nbsp;<\/p>\n<p>&nbsp;<\/p>\n<p>El presidente del bloque de diputados nacionales del Frente de Todos le present\u00f3 este martes una nota al titular de la C\u00e1mara baja, Sergio Massa, para solicitarle que se abstenga de nombrar a la diputada por Santa Cruz Roxana Reyes (UCR) como representante del cuerpo en el Consejo de la Magistratura, hasta que se defina el criterio para considerar a las primeras y segundas minor\u00edas.<\/p>\n<p>El santafesino le pidi\u00f3 a Massa &#8220;que se abstenga de avanzar en cualquier designaci\u00f3n de integrantes del Consejo de la Magistratura, hasta tanto quede absolutamente en claro el criterio de definici\u00f3n de lo que se considera &#8216;el bloque con mayor representaci\u00f3n legislativa&#8217;, &#8216;la primera minor\u00eda&#8217; y &#8216;la segunda minor\u00eda'&#8221;, seg\u00fan la ley que regla ese tema.<\/p>\n<p>&#8220;Esta solicitud se funda en entender que la definici\u00f3n del criterio para la designaci\u00f3n de integrantes debe tener en cuenta los antecedentes inmediatos de las designaciones realizadas previamente&#8221;, expres\u00f3.<\/p>\n<p>En ese sentido, Mart\u00ednez mencion\u00f3 una resoluci\u00f3n de 2018 del entonces presidente de Diputados Emilio Monz\u00f3 por la que procedi\u00f3 a la designaci\u00f3n de Pablo Tonelli, del PRO, como titular, y de Mario Negri, de la UCR, como suplente en virtud de un acuerdo parlamentario, en representaci\u00f3n de &#8216;primera minor\u00eda&#8217;; y adjunt\u00f3 la copia de ese acuerdo.<\/p>\n<p>Y agreg\u00f3 la referencia a la nota elevada hoy por Juntos por el Cambio a la Presidencia de la C\u00e1mara por la cual propone a Reyes &#8220;bajo el argumento de que Juntos por el Cambio es &#8216;la segunda minor\u00eda'&#8221;.<\/p>\n<p>La disputa es por el cuarto representante de la C\u00e1mara baja en el Consejo de la Magistratura, luego de que la Corte Suprema resolvi\u00f3 que se debe volver a la conformaci\u00f3n anterior a 2006, cuando los designados por cada C\u00e1mara eran cuatro en lugar de tres.<\/p>\n","protected":false},"excerpt":{"rendered":"<p>El presidente del bloque de diputados del FdT\u00a0 solicit\u00f3 esperar hasta que quede claro el criterio para definir de lo que se considera &#8216;el bloque con mayor representaci\u00f3n legislativa&#8217;, &#8216;la primera minor\u00eda&#8217; y &#8216;la segunda minor\u00eda&#8217; &nbsp; &nbsp; El presidente del bloque de diputados nacionales del Frente de Todos le present\u00f3 este martes una nota al titular de la C\u00e1mara baja, Sergio Massa, para solicitarle que se abstenga de nombrar a la diputada por Santa Cruz Roxana Reyes (UCR) como representante del cuerpo en el Consejo de la Magistratura, hasta&#8230;<\/p>\n","protected":false},"author":3,"featured_media":85103,"comment_status":"closed","ping_status":"closed","sticky":false,"template":"","format":"standard","meta":[],"categories":[18],"tags":[],"_links":{"self":[{"href":"https:\/\/www.actualidadadiario.com\/index.php\/wp-json\/wp\/v2\/posts\/85102"}],"collection":[{"href":"https:\/\/www.actualidadadiario.com\/index.php\/wp-json\/wp\/v2\/posts"}],"about":[{"href":"https:\/\/www.actualidadadiario.com\/index.php\/wp-json\/wp\/v2\/types\/post"}],"author":[{"embeddable":true,"href":"https:\/\/www.actualidadadiario.com\/index.php\/wp-json\/wp\/v2\/users\/3"}],"replies":[{"embeddable":true,"href":"https:\/\/www.actualidadadiario.com\/index.php\/wp-json\/wp\/v2\/comments?post=85102"}],"version-history":[{"count":2,"href":"https:\/\/www.actualidadadiario.com\/index.php\/wp-json\/wp\/v2\/posts\/85102\/revisions"}],"predecessor-version":[{"id":85105,"href":"https:\/\/www.actualidadadiario.com\/index.php\/wp-json\/wp\/v2\/posts\/85102\/revisions\/85105"}],"wp:featuredmedia":[{"embeddable":true,"href":"https:\/\/www.actualidadadiario.com\/index.php\/wp-json\/wp\/v2\/media\/85103"}],"wp:attachment":[{"href":"https:\/\/www.actualidadadiario.com\/index.php\/wp-json\/wp\/v2\/media?parent=85102"}],"wp:term":[{"taxonomy":"category","embeddable":true,"href":"https:\/\/www.actualidadadiario.com\/index.php\/wp-json\/wp\/v2\/categories?post=85102"},{"taxonomy":"post_tag","embeddable":true,"href":"https:\/\/www.actualidadadiario.com\/index.php\/wp-json\/wp\/v2\/tags?post=85102"}],"curies":[{"name":"wp","href":"https:\/\/api.w.org\/{rel}","templated":true}]}}