{"id":85099,"date":"2022-04-20T12:31:27","date_gmt":"2022-04-20T15:31:27","guid":{"rendered":"https:\/\/www.actualidadadiario.com\/?p=85099"},"modified":"2022-04-20T12:31:27","modified_gmt":"2022-04-20T15:31:27","slug":"el-gobierno-respaldo-la-ruptura-del-bloque-oficialista-en-el-senado-en-la-disputa-por-el-consejo-de-la-magistratura","status":"publish","type":"post","link":"https:\/\/www.actualidadadiario.com\/index.php\/2022\/04\/20\/el-gobierno-respaldo-la-ruptura-del-bloque-oficialista-en-el-senado-en-la-disputa-por-el-consejo-de-la-magistratura\/","title":{"rendered":"El Gobierno respald\u00f3 la ruptura del bloque oficialista en el Senado en la disputa por el Consejo de la Magistratura"},"content":{"rendered":"<p style=\"text-align: center;\"><em><strong>A pesar de las diferencias, el Frente de Todos coincide en respaldar la decisi\u00f3n que tom\u00f3 Cristina Fern\u00e1ndez de Kirchner en el marco de la disputa de una de las sillas del nuevo Consejo de la Magistratura que la oposici\u00f3n cre\u00eda que era propia<\/strong><\/em><\/p>\n<p>&nbsp;<\/p>\n<p>&nbsp;<\/p>\n<p>\u201cLa decisi\u00f3n que tom\u00f3 nuestro bloque est\u00e1 dentro de los par\u00e1metros legales en los cuales est\u00e1 permitido este tipo de accionar\u201d, afirm\u00f3 el jefe de Gabinete, Juan Manzur en declaraciones televisivas en la puerta de Casa de Gobierno.<\/p>\n<p>Y sum\u00f3: \u201cEsto tiene que ver con una decisi\u00f3n del m\u00e1ximo tribunal de justicia de avanzar con un fallo con el que no estamos de acuerdo. Por eso la decisi\u00f3n de nuestro bloque de avanzar en el marco de esta decisi\u00f3n que se ha tomado es correcta\u201d.<\/p>\n<p>Por impulso de la vicepresidenta, el bloque del Frente de Todos parti\u00f3 en dos la bancada en el Senado. La oposici\u00f3n denuncia que la nueva conformaci\u00f3n de las partes se debe a una le permitir\u00e1 al oficialismo quedarse con un lugar m\u00e1s en el Consejo de la Magistratura, en medio de una batalla pol\u00edtica con la Corte Suprema.<\/p>\n<p>La divisi\u00f3n, duramente cuestionada por la oposici\u00f3n, implica que el bloque original del Frente de Todos se subdivida en \u201cUnidad Ciudadana\u201d, espacio referenciado en la vicepresidenta, y el \u201cFrente Nacional y Popular\u201d, en l\u00ednea con los gobernadores.<\/p>\n","protected":false},"excerpt":{"rendered":"<p>A pesar de las diferencias, el Frente de Todos coincide en respaldar la decisi\u00f3n que tom\u00f3 Cristina Fern\u00e1ndez de Kirchner en el marco de la disputa de una de las sillas del nuevo Consejo de la Magistratura que la oposici\u00f3n cre\u00eda que era propia &nbsp; &nbsp; \u201cLa decisi\u00f3n que tom\u00f3 nuestro bloque est\u00e1 dentro de los par\u00e1metros legales en los cuales est\u00e1 permitido este tipo de accionar\u201d, afirm\u00f3 el jefe de Gabinete, Juan Manzur en declaraciones televisivas en la puerta de Casa de Gobierno. Y sum\u00f3: \u201cEsto tiene que ver&#8230;<\/p>\n","protected":false},"author":3,"featured_media":85100,"comment_status":"closed","ping_status":"closed","sticky":false,"template":"","format":"standard","meta":[],"categories":[9],"tags":[],"_links":{"self":[{"href":"https:\/\/www.actualidadadiario.com\/index.php\/wp-json\/wp\/v2\/posts\/85099"}],"collection":[{"href":"https:\/\/www.actualidadadiario.com\/index.php\/wp-json\/wp\/v2\/posts"}],"about":[{"href":"https:\/\/www.actualidadadiario.com\/index.php\/wp-json\/wp\/v2\/types\/post"}],"author":[{"embeddable":true,"href":"https:\/\/www.actualidadadiario.com\/index.php\/wp-json\/wp\/v2\/users\/3"}],"replies":[{"embeddable":true,"href":"https:\/\/www.actualidadadiario.com\/index.php\/wp-json\/wp\/v2\/comments?post=85099"}],"version-history":[{"count":1,"href":"https:\/\/www.actualidadadiario.com\/index.php\/wp-json\/wp\/v2\/posts\/85099\/revisions"}],"predecessor-version":[{"id":85101,"href":"https:\/\/www.actualidadadiario.com\/index.php\/wp-json\/wp\/v2\/posts\/85099\/revisions\/85101"}],"wp:featuredmedia":[{"embeddable":true,"href":"https:\/\/www.actualidadadiario.com\/index.php\/wp-json\/wp\/v2\/media\/85100"}],"wp:attachment":[{"href":"https:\/\/www.actualidadadiario.com\/index.php\/wp-json\/wp\/v2\/media?parent=85099"}],"wp:term":[{"taxonomy":"category","embeddable":true,"href":"https:\/\/www.actualidadadiario.com\/index.php\/wp-json\/wp\/v2\/categories?post=85099"},{"taxonomy":"post_tag","embeddable":true,"href":"https:\/\/www.actualidadadiario.com\/index.php\/wp-json\/wp\/v2\/tags?post=85099"}],"curies":[{"name":"wp","href":"https:\/\/api.w.org\/{rel}","templated":true}]}}