{"id":8339,"date":"2017-03-13T10:38:00","date_gmt":"2017-03-13T13:38:00","guid":{"rendered":"http:\/\/actualidadadiario.com\/site\/?p=8339"},"modified":"2017-03-13T10:56:03","modified_gmt":"2017-03-13T13:56:03","slug":"cuando-se-consolide-la-baja-de-la-inflacion-va-a-comenzar-a-bajar-la-pobreza","status":"publish","type":"post","link":"https:\/\/www.actualidadadiario.com\/index.php\/2017\/03\/13\/cuando-se-consolide-la-baja-de-la-inflacion-va-a-comenzar-a-bajar-la-pobreza\/","title":{"rendered":"&#8220;Es una locura que un sindicalista pida que ruede una cabeza de un gobierno&#8221;"},"content":{"rendered":"<p><em><strong>El ministro del Interior, Rogelio Frigerio, afirm\u00f3 que &#8220;evidentemente hay algo electoral que est\u00e1 ti\u00f1endo la relaci\u00f3n&#8221; entre el gobierno y la CGT, y se\u00f1al\u00f3 que los dirigentes gremiales &#8220;no pueden armarle el gabinete al presidente&#8221; Mauricio Macri<\/strong><\/em><\/p>\n<p>&nbsp;<\/p>\n<p>&nbsp;<\/p>\n<p>&nbsp;<\/p>\n<p>&nbsp;<\/p>\n<p>&nbsp;<\/p>\n<p>&nbsp;<\/p>\n<p>&#8220;Es una locura que un sindicalista pida que ruede una cabeza de un gobierno votado por la mayor\u00eda de los argentinos. Los dirigentes gremiales no pueden armarle el gabinete al presidente&#8221;, dijo Frigerio en declaraciones a FM Blue, en relaci\u00f3n a las declaraciones de uno de los integrantes del triunvirato de la CGT, Juan Carlos Schmid.<\/p>\n<p>&nbsp;<\/p>\n<p>&#8220;Hasta es necesario que ruede alguna cabeza del gabinete&#8221;, hab\u00eda dicho el dirigente sindical durante el fin de semana en declaraciones a un matutino porte\u00f1o.<\/p>\n<p>&nbsp;<\/p>\n<p>Para Frigerio, &#8220;evidentemente hay algo electoral que est\u00e1 ti\u00f1endo la relaci\u00f3n&#8221;, aunque no obstante ratific\u00f3 que est\u00e1 &#8220;dispuesto a sentarse todas las veces que haga falta&#8221; tanto con sindicalistas como con empresarios.<\/p>\n<p>&nbsp;<\/p>\n<p>&#8220;Me he cansado de plantear el acompa\u00f1amiento de las centrales obreras durante el primer a\u00f1o m\u00e1s dif\u00edcil de gobierno, en el que no hicieron paro y nos acompa\u00f1aron. Ahora que todos los indicadores macroecon\u00f3micos muestran que lo peor ya pas\u00f3, empiezan con amenazas de paros y marchas&#8221;, dijo el funcionario nacional.<\/p>\n<p>&nbsp;<\/p>\n<p>Frigerio a\u00f1adi\u00f3 que &#8220;con un paro planteado con tanta anticipaci\u00f3n tenemos que sentarnos a una mesa a seguir discutiendo y encontrando puntos de consenso que como hicimos en el a\u00f1o m\u00e1s dif\u00edcil que por suerte ya pas\u00f3&#8221;.<\/p>\n<p>&nbsp;<\/p>\n<p>&#8220;Vamos a seguir convocando a las mesas de di\u00e1logo. Vamos a sentarnos con los dirigentes gremiales para cuidar a esos argentinos que la est\u00e1n pasando mal&#8221;, concluyo Frigerio.<\/p>\n<p>&nbsp;<\/p>\n<p>En declaraciones a La Red, Frigerio subray\u00f3 que el Gobierno tiene que &#8220;hacer lo que sea para evitar el paro&#8221; general que la CGT realizar\u00e1 a comienzos de abril, ya que consider\u00f3 que esa medida de fuerza es &#8220;un d\u00eda para atr\u00e1s en la Argentina&#8221;.<\/p>\n<p>&nbsp;<\/p>\n<p>&#8220;Nunca dejamos de dialogar con la CGT. Vamos a seguir trabajando para evitar el paro, porque el paro no ayuda a nadie: es un d\u00eda menos de valor agregado, de trabajo, es un d\u00eda para atr\u00e1s en la Argentina&#8221;, sostuvo el funcionario nacional.<\/p>\n<p>&nbsp;<\/p>\n<p>&#8220;La mayor\u00eda de los dirigentes pol\u00edticos est\u00e1 trabajando y manej\u00e1ndose de una manera muy responsable, como los gobernadores, el Congreso y las centrales obreras tambi\u00e9n. En general, los dirigentes pol\u00edticos est\u00e1n aportando a la gobernabilidad&#8221;, se\u00f1al\u00f3.<\/p>\n<p>&nbsp;<\/p>\n<p>Sin embargo, Frigerio rechaz\u00f3 la medida de fuerza al indicar que seg\u00fan las cifras que arroja el Indec &#8220;lo peor ya pas\u00f3&#8221; y agreg\u00f3: &#8220;Tenemos que hacer lo que sea para evitar el paro y seguir dialogando con todos los actores&#8221;.<\/p>\n<p>&nbsp;<\/p>\n<p>Asimismo, el ministro del Interior, Obras P\u00fablicas y Vivienda se quej\u00f3 de que &#8220;hay sectores puntuales para los cuales el negocio es que este Gobierno no termine&#8221; y lament\u00f3 que hay &#8220;algunos que lo dicen abiertamente sin pelos en la lengua&#8221;.<\/p>\n<p>&nbsp;<\/p>\n<p>&#8220;Hay dirigentes que permanentemente est\u00e1n poniendo palos en la rueda&#8221;, finaliz\u00f3.<\/p>\n","protected":false},"excerpt":{"rendered":"<p>El ministro del Interior, Rogelio Frigerio, afirm\u00f3 que &#8220;evidentemente hay algo electoral que est\u00e1 ti\u00f1endo la relaci\u00f3n&#8221; entre el gobierno y la CGT, y se\u00f1al\u00f3 que los dirigentes gremiales &#8220;no pueden armarle el gabinete al presidente&#8221; Mauricio Macri &nbsp; &nbsp; &nbsp; &nbsp; &nbsp; &nbsp; &#8220;Es una locura que un sindicalista pida que ruede una cabeza de un gobierno votado por la mayor\u00eda de los argentinos. Los dirigentes gremiales no pueden armarle el gabinete al presidente&#8221;, dijo Frigerio en declaraciones a FM Blue, en relaci\u00f3n a las declaraciones de uno de&#8230;<\/p>\n","protected":false},"author":3,"featured_media":8340,"comment_status":"closed","ping_status":"closed","sticky":false,"template":"","format":"standard","meta":[],"categories":[18],"tags":[],"_links":{"self":[{"href":"https:\/\/www.actualidadadiario.com\/index.php\/wp-json\/wp\/v2\/posts\/8339"}],"collection":[{"href":"https:\/\/www.actualidadadiario.com\/index.php\/wp-json\/wp\/v2\/posts"}],"about":[{"href":"https:\/\/www.actualidadadiario.com\/index.php\/wp-json\/wp\/v2\/types\/post"}],"author":[{"embeddable":true,"href":"https:\/\/www.actualidadadiario.com\/index.php\/wp-json\/wp\/v2\/users\/3"}],"replies":[{"embeddable":true,"href":"https:\/\/www.actualidadadiario.com\/index.php\/wp-json\/wp\/v2\/comments?post=8339"}],"version-history":[{"count":3,"href":"https:\/\/www.actualidadadiario.com\/index.php\/wp-json\/wp\/v2\/posts\/8339\/revisions"}],"predecessor-version":[{"id":8375,"href":"https:\/\/www.actualidadadiario.com\/index.php\/wp-json\/wp\/v2\/posts\/8339\/revisions\/8375"}],"wp:featuredmedia":[{"embeddable":true,"href":"https:\/\/www.actualidadadiario.com\/index.php\/wp-json\/wp\/v2\/media\/8340"}],"wp:attachment":[{"href":"https:\/\/www.actualidadadiario.com\/index.php\/wp-json\/wp\/v2\/media?parent=8339"}],"wp:term":[{"taxonomy":"category","embeddable":true,"href":"https:\/\/www.actualidadadiario.com\/index.php\/wp-json\/wp\/v2\/categories?post=8339"},{"taxonomy":"post_tag","embeddable":true,"href":"https:\/\/www.actualidadadiario.com\/index.php\/wp-json\/wp\/v2\/tags?post=8339"}],"curies":[{"name":"wp","href":"https:\/\/api.w.org\/{rel}","templated":true}]}}