{"id":8336,"date":"2017-03-13T10:36:57","date_gmt":"2017-03-13T13:36:57","guid":{"rendered":"http:\/\/actualidadadiario.com\/site\/?p=8336"},"modified":"2017-03-13T10:36:57","modified_gmt":"2017-03-13T13:36:57","slug":"textiles-en-crisis-por-las-importaciones-equivalen-a-la-contraccion-de-la-industria","status":"publish","type":"post","link":"https:\/\/www.actualidadadiario.com\/index.php\/2017\/03\/13\/textiles-en-crisis-por-las-importaciones-equivalen-a-la-contraccion-de-la-industria\/","title":{"rendered":"Textiles en crisis por las importaciones: equivalen a la contracci\u00f3n de la industria"},"content":{"rendered":"<p><em><strong>Seg\u00fan el estudio, en el 2016 la participaci\u00f3n de productos importados en el mercado lleg\u00f3 al 67%, contra un 60% registrado en 2015<\/strong><\/em><\/p>\n<p>&nbsp;<\/p>\n<p>&nbsp;<\/p>\n<p>&nbsp;<\/p>\n<p>Las importaciones de productos textiles manufacturados subieron 11,5% en enero y provocaron una contracci\u00f3n de la actividad casi similar, del 11,1% respecto del mismo mes del 2016, inform\u00f3 la Federaci\u00f3n de Industrias Textiles Argentinas (FITA).<\/p>\n<p>&nbsp;<\/p>\n<p>Seg\u00fan el estudio, en el 2016 la participaci\u00f3n de productos importados en el mercado lleg\u00f3 al 67%, contra un 60% registrado en 2015.<\/p>\n<p>&nbsp;<\/p>\n<p>El gerente de FITA, Eduardo de Toma, advirti\u00f3 que la baja de la producci\u00f3n de la industria textil es &#8220;proporcional al ingreso desmedido de hilados, tejidos y fibras que compiten a precios y condiciones desleales&#8221; con la industria nacional.<\/p>\n<p>&nbsp;<\/p>\n<p>&#8220;Estamos muy preocupados, porque las expectativas para el corto plazo indican una agudizaci\u00f3n de la contracci\u00f3n de la actividad industrial, y consecuentemente la posibilidad de p\u00e9rdida de puestos de trabajo&#8221;, dijo el empresario textil. Sostuvo que los aumentos &#8220;se registraron la mayor\u00eda de los rubros&#8221;.<\/p>\n<p>&nbsp;<\/p>\n<p>Entre los que m\u00e1s agudizaron el proceso importador est\u00e1 la especialidad de tejidos planos y de punto, con un alza de 41% y 20%, respectivamente&#8221;, de acuerdo con el reporte de FITA.<\/p>\n<p>&nbsp;<\/p>\n<p>En tejidos planos, se destacaron las mayores compras al exterior de tejidos de algod\u00f3n (48%), de fibras discontinuas (41%) y de filamentos (38%) que &#8220;son los sectores que concentran las principales producciones textiles, afectadas por una importaci\u00f3n que creci\u00f3 en m\u00e1s de un 28% en 2016 respecto del a\u00f1o anterior&#8221;.<\/p>\n<p>&nbsp;<\/p>\n<p>En prendas confeccionadas y de vestir &#8220;los incrementos de las importaciones fueron del 40% y 28%, respectivamente, afectando a toda la cadena de valor&#8221;, seg\u00fan el informe de la c\u00e1mara empresarial.<\/p>\n","protected":false},"excerpt":{"rendered":"<p>Seg\u00fan el estudio, en el 2016 la participaci\u00f3n de productos importados en el mercado lleg\u00f3 al 67%, contra un 60% registrado en 2015 &nbsp; &nbsp; &nbsp; Las importaciones de productos textiles manufacturados subieron 11,5% en enero y provocaron una contracci\u00f3n de la actividad casi similar, del 11,1% respecto del mismo mes del 2016, inform\u00f3 la Federaci\u00f3n de Industrias Textiles Argentinas (FITA). &nbsp; Seg\u00fan el estudio, en el 2016 la participaci\u00f3n de productos importados en el mercado lleg\u00f3 al 67%, contra un 60% registrado en 2015. &nbsp; El gerente de FITA,&#8230;<\/p>\n","protected":false},"author":3,"featured_media":8337,"comment_status":"closed","ping_status":"closed","sticky":false,"template":"","format":"standard","meta":[],"categories":[2],"tags":[],"_links":{"self":[{"href":"https:\/\/www.actualidadadiario.com\/index.php\/wp-json\/wp\/v2\/posts\/8336"}],"collection":[{"href":"https:\/\/www.actualidadadiario.com\/index.php\/wp-json\/wp\/v2\/posts"}],"about":[{"href":"https:\/\/www.actualidadadiario.com\/index.php\/wp-json\/wp\/v2\/types\/post"}],"author":[{"embeddable":true,"href":"https:\/\/www.actualidadadiario.com\/index.php\/wp-json\/wp\/v2\/users\/3"}],"replies":[{"embeddable":true,"href":"https:\/\/www.actualidadadiario.com\/index.php\/wp-json\/wp\/v2\/comments?post=8336"}],"version-history":[{"count":1,"href":"https:\/\/www.actualidadadiario.com\/index.php\/wp-json\/wp\/v2\/posts\/8336\/revisions"}],"predecessor-version":[{"id":8338,"href":"https:\/\/www.actualidadadiario.com\/index.php\/wp-json\/wp\/v2\/posts\/8336\/revisions\/8338"}],"wp:featuredmedia":[{"embeddable":true,"href":"https:\/\/www.actualidadadiario.com\/index.php\/wp-json\/wp\/v2\/media\/8337"}],"wp:attachment":[{"href":"https:\/\/www.actualidadadiario.com\/index.php\/wp-json\/wp\/v2\/media?parent=8336"}],"wp:term":[{"taxonomy":"category","embeddable":true,"href":"https:\/\/www.actualidadadiario.com\/index.php\/wp-json\/wp\/v2\/categories?post=8336"},{"taxonomy":"post_tag","embeddable":true,"href":"https:\/\/www.actualidadadiario.com\/index.php\/wp-json\/wp\/v2\/tags?post=8336"}],"curies":[{"name":"wp","href":"https:\/\/api.w.org\/{rel}","templated":true}]}}