{"id":83,"date":"2016-08-10T12:17:51","date_gmt":"2016-08-10T15:17:51","guid":{"rendered":"http:\/\/actualidadadiario.com\/site\/?p=83"},"modified":"2016-08-22T10:20:52","modified_gmt":"2016-08-22T13:20:52","slug":"entre-rios-registro-271-casos-de-dengue-confirmados-por-laboratorio","status":"publish","type":"post","link":"https:\/\/www.actualidadadiario.com\/index.php\/2016\/08\/10\/entre-rios-registro-271-casos-de-dengue-confirmados-por-laboratorio\/","title":{"rendered":"Entre R\u00edos registr\u00f3 271 casos de dengue confirmados por laboratorio"},"content":{"rendered":"<p><em><strong>La provincia tuvo 271 casos de dengue confirmados por laboratorio este a\u00f1o. De estos, el 73 por ciento, fueron casos aut\u00f3ctonos. En detalle, hubo brotes circunscriptos a barrios de diferentes localidades y en Federaci\u00f3n, Chajar\u00ed, Paran\u00e1, Concordia, Villa del Rosario y San Salvador. Las tareas preventivas y el trabajo articulado con municipios y juntas de gobierno fueron determinantes para mantener limitada la circulaci\u00f3n del virus<\/strong><\/em><\/p>\n<p>Desde la Direcci\u00f3n de Epidemiolog\u00eda, dependiente del Ministerio de Salud, se ratific\u00f3 que durante los primeros meses de 2016 la provincia registr\u00f3 un brote de casos de dengue.<\/p>\n<p>&#8220;La caracter\u00edstica que tuvo la epidemia en 2016 fue que se adelant\u00f3 respecto a a\u00f1os anteriores. En enero, cuando lanzamos la alerta epidemiol\u00f3gica ten\u00edamos muchos casos importados en comparaci\u00f3n a a\u00f1os anteriores y promediando febrero hab\u00edamos detectado circulaci\u00f3n aut\u00f3ctona&#8221;, inform\u00f3 el director de Epidemiolog\u00eda de la provincia, Diego Garcilazo.<\/p>\n<p>Garcilazo explic\u00f3 que al emitir dicha alerta, los nodos epidemiol\u00f3gicos distribuidos en todo el territorio provincial notificaron todos los casos de s\u00edndromes febriles que, en \u00e9pocas de brote, son considerados sospechosos de dengue, pero la confirmaci\u00f3n se hace por serolog\u00eda a trav\u00e9s del laboratorio.<\/p>\n<p>\u201cEn la provincia se notificaron unos 1.200 casos como sospechosos, pero en la gran mayor\u00eda se trat\u00f3 de otras patolog\u00edas y se descartaron para dengue\u201d, indic\u00f3 Garcilazo, quien agreg\u00f3: \u201cSe confirmaron por estudios de laboratorio 271 casos de dengue\u201d.<\/p>\n<p><strong>Brote 2016<\/strong><br \/>\nEl Bolet\u00edn Epidemiol\u00f3gico emitido en forma semanal por Epidemiolog\u00eda inform\u00f3 que de los 271 casos de dengue registrados durante este a\u00f1o, el 73 por ciento fueron aut\u00f3ctonos. Durante la epidemia se determinaron brotes circunscriptos a barrios o localidades de Federaci\u00f3n, Chajar\u00ed, Paran\u00e1, Concordia, Villa del Rosario y San Salvador.<\/p>\n<p>Este documento oficial tambi\u00e9n precis\u00f3 que durante las primeras semanas de 2016 se detectaron casos importados en mayor cantidad que a\u00f1os anteriores y dada la epidemia en pa\u00edses vecinos y provincias del norte del pa\u00eds se emiti\u00f3 una alerta epidemiol\u00f3gica sobre el s\u00edndrome febril y en particular por el dengue.<\/p>\n<p>Desde el \u00e1rea de vigilancia se investigaron todos los casos sospechosos y s\u00edndromes febriles notificados por los nodos epidemiol\u00f3gicos. Los casos confirmados fueron localizados geogr\u00e1ficamente y se construy\u00f3 la curva epid\u00e9mica semanalmente la cual fue publicada en el sitio web de la cartera sanitaria junto con otras enfermedades de notificaci\u00f3n obligatoria.<\/p>\n<p><strong>Importancia del trabajo preventivo articulado<\/strong><br \/>\nSi bien lo primero que se hizo fue emitir la alerta a los nodos epidemiol\u00f3gicos, luego fue crucial el trabajo ambiental que se pudo hacer en forma articulada con los municipios. Para ello se reuni\u00f3 y capacit\u00f3 a los referentes en c\u00f3mo hacer el trabajo de descacharrizaci\u00f3n, una de las medidas de prevenci\u00f3n m\u00e1s importantes para evitar que se formen criaderos de mosquitos.<\/p>\n<p>Tambi\u00e9n se organizaron capacitaciones respecto a los bloqueos. Las mismas se llevan a cabo cuando hay un caso confirmado de dengue, entonces se hacen tareas de fumigaci\u00f3n, b\u00fasqueda activa de casos sospechosos y descacharrizaci\u00f3n activa de la zona donde fueron detectados.<\/p>\n<p>Asimismo, en los casos en los que el municipio no contaba con personal o los elementos necesarios para llevar adelante las tareas de bloqueo, la provincia brind\u00f3 su apoyo con los equipos de Epidemiolog\u00eda. Eso se pudo mantener durante todo el per\u00edodo donde hubo circulaci\u00f3n viral en Entre R\u00edos.<\/p>\n<p>Finalmente, Garcilazo adelant\u00f3 que a partir de septiembre se retomar\u00e1n las reuniones respecto al tema. &#8220;Hay que tener en cuenta que el vector, el Aedes aegypti, no s\u00f3lo transmite el dengue sino tambi\u00e9n la chikungunya y el zika, as\u00ed que en un principio comenzaremos con las primeras capacitaciones a los nodos epidemiol\u00f3gicos de la provincia para luego formar a los municipios en manejo de las medidas b\u00e1sicas de control del Aedes&#8221;, se\u00f1al\u00f3. De esta forma se prev\u00e9 estar preparados para la \u00e9poca estival donde se produce la mayor proliferaci\u00f3n de mosquitos.<\/p>\n","protected":false},"excerpt":{"rendered":"<p>La provincia tuvo 271 casos de dengue confirmados por laboratorio este a\u00f1o. De estos, el 73 por ciento, fueron casos aut\u00f3ctonos. En detalle, hubo brotes circunscriptos a barrios de diferentes localidades y en Federaci\u00f3n, Chajar\u00ed, Paran\u00e1, Concordia, Villa del Rosario y San Salvador. Las tareas preventivas y el trabajo articulado con municipios y juntas de gobierno fueron determinantes para mantener limitada la circulaci\u00f3n del virus Desde la Direcci\u00f3n de Epidemiolog\u00eda, dependiente del Ministerio de Salud, se ratific\u00f3 que durante los primeros meses de 2016 la provincia registr\u00f3 un brote de&#8230;<\/p>\n","protected":false},"author":2,"featured_media":86,"comment_status":"closed","ping_status":"open","sticky":false,"template":"","format":"standard","meta":[],"categories":[7,9],"tags":[10],"_links":{"self":[{"href":"https:\/\/www.actualidadadiario.com\/index.php\/wp-json\/wp\/v2\/posts\/83"}],"collection":[{"href":"https:\/\/www.actualidadadiario.com\/index.php\/wp-json\/wp\/v2\/posts"}],"about":[{"href":"https:\/\/www.actualidadadiario.com\/index.php\/wp-json\/wp\/v2\/types\/post"}],"author":[{"embeddable":true,"href":"https:\/\/www.actualidadadiario.com\/index.php\/wp-json\/wp\/v2\/users\/2"}],"replies":[{"embeddable":true,"href":"https:\/\/www.actualidadadiario.com\/index.php\/wp-json\/wp\/v2\/comments?post=83"}],"version-history":[{"count":2,"href":"https:\/\/www.actualidadadiario.com\/index.php\/wp-json\/wp\/v2\/posts\/83\/revisions"}],"predecessor-version":[{"id":87,"href":"https:\/\/www.actualidadadiario.com\/index.php\/wp-json\/wp\/v2\/posts\/83\/revisions\/87"}],"wp:featuredmedia":[{"embeddable":true,"href":"https:\/\/www.actualidadadiario.com\/index.php\/wp-json\/wp\/v2\/media\/86"}],"wp:attachment":[{"href":"https:\/\/www.actualidadadiario.com\/index.php\/wp-json\/wp\/v2\/media?parent=83"}],"wp:term":[{"taxonomy":"category","embeddable":true,"href":"https:\/\/www.actualidadadiario.com\/index.php\/wp-json\/wp\/v2\/categories?post=83"},{"taxonomy":"post_tag","embeddable":true,"href":"https:\/\/www.actualidadadiario.com\/index.php\/wp-json\/wp\/v2\/tags?post=83"}],"curies":[{"name":"wp","href":"https:\/\/api.w.org\/{rel}","templated":true}]}}