{"id":82945,"date":"2022-03-02T14:16:39","date_gmt":"2022-03-02T17:16:39","guid":{"rendered":"https:\/\/www.actualidadadiario.com\/?p=82945"},"modified":"2022-03-02T14:16:39","modified_gmt":"2022-03-02T17:16:39","slug":"la-camara-de-diputados-de-la-provincia-sesionara-esta-semana","status":"publish","type":"post","link":"https:\/\/www.actualidadadiario.com\/index.php\/2022\/03\/02\/la-camara-de-diputados-de-la-provincia-sesionara-esta-semana\/","title":{"rendered":"La C\u00e1mara de Diputados de la provincia sesionar\u00e1 esta semana"},"content":{"rendered":"<p style=\"text-align: center;\"><em><strong>La C\u00e1mara de Diputados realizar\u00e1 la primera Sesi\u00f3n Ordinaria del 143\u00b0 Per\u00edodo Legislativo este jueves. Autoridades, diputadas y diputados fueron convocados y convocadas para este jueves 3 de marzo a las 11 horas<\/strong><\/em><\/p>\n<p>&nbsp;<\/p>\n<p>&nbsp;<\/p>\n<p>Tal como se acord\u00f3 en la Sesi\u00f3n Preparatoria, las sesiones durante el 143\u00b0 Per\u00edodo Legislativo ser\u00e1n cada quince d\u00edas los martes a las 18:00, mi\u00e9rcoles y jueves a las 11:00.<\/p>\n","protected":false},"excerpt":{"rendered":"<p>La C\u00e1mara de Diputados realizar\u00e1 la primera Sesi\u00f3n Ordinaria del 143\u00b0 Per\u00edodo Legislativo este jueves. Autoridades, diputadas y diputados fueron convocados y convocadas para este jueves 3 de marzo a las 11 horas &nbsp; &nbsp; Tal como se acord\u00f3 en la Sesi\u00f3n Preparatoria, las sesiones durante el 143\u00b0 Per\u00edodo Legislativo ser\u00e1n cada quince d\u00edas los martes a las 18:00, mi\u00e9rcoles y jueves a las 11:00.<\/p>\n","protected":false},"author":3,"featured_media":78917,"comment_status":"closed","ping_status":"closed","sticky":false,"template":"","format":"standard","meta":[],"categories":[15],"tags":[],"_links":{"self":[{"href":"https:\/\/www.actualidadadiario.com\/index.php\/wp-json\/wp\/v2\/posts\/82945"}],"collection":[{"href":"https:\/\/www.actualidadadiario.com\/index.php\/wp-json\/wp\/v2\/posts"}],"about":[{"href":"https:\/\/www.actualidadadiario.com\/index.php\/wp-json\/wp\/v2\/types\/post"}],"author":[{"embeddable":true,"href":"https:\/\/www.actualidadadiario.com\/index.php\/wp-json\/wp\/v2\/users\/3"}],"replies":[{"embeddable":true,"href":"https:\/\/www.actualidadadiario.com\/index.php\/wp-json\/wp\/v2\/comments?post=82945"}],"version-history":[{"count":1,"href":"https:\/\/www.actualidadadiario.com\/index.php\/wp-json\/wp\/v2\/posts\/82945\/revisions"}],"predecessor-version":[{"id":82946,"href":"https:\/\/www.actualidadadiario.com\/index.php\/wp-json\/wp\/v2\/posts\/82945\/revisions\/82946"}],"wp:featuredmedia":[{"embeddable":true,"href":"https:\/\/www.actualidadadiario.com\/index.php\/wp-json\/wp\/v2\/media\/78917"}],"wp:attachment":[{"href":"https:\/\/www.actualidadadiario.com\/index.php\/wp-json\/wp\/v2\/media?parent=82945"}],"wp:term":[{"taxonomy":"category","embeddable":true,"href":"https:\/\/www.actualidadadiario.com\/index.php\/wp-json\/wp\/v2\/categories?post=82945"},{"taxonomy":"post_tag","embeddable":true,"href":"https:\/\/www.actualidadadiario.com\/index.php\/wp-json\/wp\/v2\/tags?post=82945"}],"curies":[{"name":"wp","href":"https:\/\/api.w.org\/{rel}","templated":true}]}}