{"id":82942,"date":"2022-03-02T14:16:01","date_gmt":"2022-03-02T17:16:01","guid":{"rendered":"https:\/\/www.actualidadadiario.com\/?p=82942"},"modified":"2022-03-02T14:16:01","modified_gmt":"2022-03-02T17:16:01","slug":"agmer-realiza-asambleas-en-las-escuelas","status":"publish","type":"post","link":"https:\/\/www.actualidadadiario.com\/index.php\/2022\/03\/02\/agmer-realiza-asambleas-en-las-escuelas\/","title":{"rendered":"Agmer realiza asambleas en las escuelas"},"content":{"rendered":"<p style=\"text-align: center;\"><em><strong>Docentes de la Asociaci\u00f3n Gremial del Magisterio de Entre R\u00edos (Agmer) llevan adelante este mi\u00e9rcoles asambleas de una hora por turno en las escuelas, para evaluar la \u00faltima propuesta salarial, presentada el s\u00e1bado pasado por el Gobierno provincial<\/strong><\/em><\/p>\n<p>&nbsp;<\/p>\n<p>&nbsp;<\/p>\n<p>Las asambleas de desarrollar\u00e1n en todas en las escuelas, con una duraci\u00f3n de una hora por turno. Posteriormente, por la tarde, se realizar\u00e1n las asambleas resolutivas de delegados y delegadas, que definir\u00e1n la postura que cada seccional llevar\u00e1 al Congreso.<\/p>\n<p>En el caso de Agmer Paran\u00e1, la asamblea resolutiva tendr\u00e1 lugar en el sal\u00f3n de su sede, ubicada en Laprida 136, a las 19.<\/p>\n<p>El Congreso se desarrollar\u00e1 el jueves en la ciudad de San Salvador.<\/p>\n","protected":false},"excerpt":{"rendered":"<p>Docentes de la Asociaci\u00f3n Gremial del Magisterio de Entre R\u00edos (Agmer) llevan adelante este mi\u00e9rcoles asambleas de una hora por turno en las escuelas, para evaluar la \u00faltima propuesta salarial, presentada el s\u00e1bado pasado por el Gobierno provincial &nbsp; &nbsp; Las asambleas de desarrollar\u00e1n en todas en las escuelas, con una duraci\u00f3n de una hora por turno. Posteriormente, por la tarde, se realizar\u00e1n las asambleas resolutivas de delegados y delegadas, que definir\u00e1n la postura que cada seccional llevar\u00e1 al Congreso. En el caso de Agmer Paran\u00e1, la asamblea resolutiva tendr\u00e1&#8230;<\/p>\n","protected":false},"author":3,"featured_media":82943,"comment_status":"closed","ping_status":"closed","sticky":false,"template":"","format":"standard","meta":[],"categories":[9,15],"tags":[],"_links":{"self":[{"href":"https:\/\/www.actualidadadiario.com\/index.php\/wp-json\/wp\/v2\/posts\/82942"}],"collection":[{"href":"https:\/\/www.actualidadadiario.com\/index.php\/wp-json\/wp\/v2\/posts"}],"about":[{"href":"https:\/\/www.actualidadadiario.com\/index.php\/wp-json\/wp\/v2\/types\/post"}],"author":[{"embeddable":true,"href":"https:\/\/www.actualidadadiario.com\/index.php\/wp-json\/wp\/v2\/users\/3"}],"replies":[{"embeddable":true,"href":"https:\/\/www.actualidadadiario.com\/index.php\/wp-json\/wp\/v2\/comments?post=82942"}],"version-history":[{"count":1,"href":"https:\/\/www.actualidadadiario.com\/index.php\/wp-json\/wp\/v2\/posts\/82942\/revisions"}],"predecessor-version":[{"id":82944,"href":"https:\/\/www.actualidadadiario.com\/index.php\/wp-json\/wp\/v2\/posts\/82942\/revisions\/82944"}],"wp:featuredmedia":[{"embeddable":true,"href":"https:\/\/www.actualidadadiario.com\/index.php\/wp-json\/wp\/v2\/media\/82943"}],"wp:attachment":[{"href":"https:\/\/www.actualidadadiario.com\/index.php\/wp-json\/wp\/v2\/media?parent=82942"}],"wp:term":[{"taxonomy":"category","embeddable":true,"href":"https:\/\/www.actualidadadiario.com\/index.php\/wp-json\/wp\/v2\/categories?post=82942"},{"taxonomy":"post_tag","embeddable":true,"href":"https:\/\/www.actualidadadiario.com\/index.php\/wp-json\/wp\/v2\/tags?post=82942"}],"curies":[{"name":"wp","href":"https:\/\/api.w.org\/{rel}","templated":true}]}}