{"id":82933,"date":"2022-03-02T14:13:48","date_gmt":"2022-03-02T17:13:48","guid":{"rendered":"https:\/\/www.actualidadadiario.com\/?p=82933"},"modified":"2022-03-02T14:13:48","modified_gmt":"2022-03-02T17:13:48","slug":"galimberti-critico-a-los-legisladores-del-pro-que-se-fueron-del-recinto-y-respaldo-un-posteo-del-diputado-manes","status":"publish","type":"post","link":"https:\/\/www.actualidadadiario.com\/index.php\/2022\/03\/02\/galimberti-critico-a-los-legisladores-del-pro-que-se-fueron-del-recinto-y-respaldo-un-posteo-del-diputado-manes\/","title":{"rendered":"Galimberti critic\u00f3 a los legisladores del PRO que se fueron del recinto y respald\u00f3 un posteo del diputado Manes"},"content":{"rendered":"<p style=\"text-align: center;\"><em><strong>El ex intendente de Chajar\u00ed -actual diputado nacional de Juntos por el Cambio- se diferenci\u00f3 de sus pares que abundaron el discurso presidencial, ya que era \u201cun acto de importancia trascendental\u201d. El gui\u00f1o a un posteo del diputado Manes<\/strong><\/em><\/p>\n<p>&nbsp;<\/p>\n<p>&nbsp;<\/p>\n<p>El Diputado Nacional particip\u00f3 este martes de la Asamblea Legislativa, en la cual, el Presidente Alberto Fern\u00e1ndez dej\u00f3 inaugurado un nuevo a\u00f1o legislativo.<\/p>\n<p>A trav\u00e9s de un comunicado de prensa, Pedro Galimberti se refiri\u00f3 a la actitud de algunos pares que abandonaron el recinto, en el medio del discurso presidencial, cuando se efectuaban cr\u00edticas a la gesti\u00f3n del expresidente Mauricio Macri.<\/p>\n<p>Galimberti se\u00f1al\u00f3 \u201cno estar de acuerdo con esa actitud\u201d, ya que \u201cel Congreso es la representaci\u00f3n m\u00faltiple y diversa de los argentinos y el de hoy fue un acto de importancia trascendental\u201d.<\/p>\n<p>El ex jefe comunal de Chajar\u00ed argument\u00f3 que \u201cyo puedo no estar de acuerdo ni siquiera en una coma, de lo que dijo Alberto, pero es de buen dem\u00f3crata escuchar, con respeto. Luego cada uno, y sobre todo los argentinos, puede hacer las consideraciones que le parezca&#8221;, concluy\u00f3.<\/p>\n<p>Pero la reacci\u00f3n sobre el tema no termin\u00f3 all\u00ed, sino que posteriormente respald\u00f3 con un \u201cme gusta\u201d un posteo en Twitter del diputado radical Facundo Manes, donde reclam\u00f3 a sus socios pol\u00edticos del PRO \u201cm\u00e1s EMPAT\u00cdA y menos grieta\u201d y desliz\u00f3 que \u201cla Argentina del futuro ser\u00e1 de los que nos quedamos\u201d.<\/p>\n<p>&nbsp;<\/p>\n<p><strong>Cr\u00edticas al oficialismo<\/strong><\/p>\n<p>En lo que respecta a lo escuchado de boca del presidente Alberto Fern\u00e1ndez, el Diputado Pedro Galimberti, cuestion\u00f3 que el discurso no se ajusta \u201ca la realidad que padecen millones de argentinos\u201d.<\/p>\n<p>A eso agreg\u00f3 otros duros conceptos, al se\u00f1alar que deber ser \u201clindo debe ser mirar la realidad con el espejo con el cual lo hace Alberto Fern\u00e1ndez. El espejo de la mayor\u00eda de los argentinos proyecta una realidad diferente&#8221;, dijo a prop\u00f3sito de lo que, en su consideraci\u00f3n, fue la segunda edici\u00f3n del relato kirchnerista, que se presenta alejado de la realidad.<\/p>\n<p>Galimberti carg\u00f3 contra el presidente, acus\u00e1ndolo de un \u201cdoble discurso\u201d, se\u00f1alando que \u201cpor un lado se quej\u00f3 por no contar con un presupuesto nacional aprobado y por otro hizo una larga enumeraci\u00f3n de acciones de gobierno que pretende llevar a cabo, seg\u00fan \u00e9l, para poner de pie el pa\u00eds, todo ello sin presupuesto aprobado. Por otra parte anuncia a viva voz que no habr\u00e1 ajustes, pero nada dice del principal ajuste que sufren quienes menos tienen, que es el que se produce por inflaci\u00f3n. De esto nada dijo sobre cu\u00e1l es el programa para salir de la situaci\u00f3n actual&#8221;, expres\u00f3 el legislador.<\/p>\n<p>Con respecto al acuerdo con el Fondo Monetario Internacional, Galimberti pidi\u00f3 que no demoren m\u00e1s el env\u00edo del acuerdo al Congreso porque, de momento, &#8220;lo \u00fanico que sabemos lo conocemos por la prensa y eso hace impredecible saber qu\u00e9 posici\u00f3n tendremos y en qu\u00e9 sentido vamos a votar&#8221;.<\/p>\n<p>El Diputado tambi\u00e9n hizo p\u00fablico su malestar por no haber podido desarrollar la tarea legislativa en el per\u00edodo de extraordinarias, como consecuencia de las diferencias en el bloque oficialista del Frente de Todos. &#8220;Perdimos un tiempo preciado, de trabajo. Muchos de los proyectos de Ley que hoy Fern\u00e1ndez mencion\u00f3 como prioritarios para este a\u00f1o legislativo estaban en la agenda del per\u00edodo de extraordinarias, pero las diferencias en el oficialismo paralizaron el Congreso Nacional&#8221;, expres\u00f3.<\/p>\n","protected":false},"excerpt":{"rendered":"<p>El ex intendente de Chajar\u00ed -actual diputado nacional de Juntos por el Cambio- se diferenci\u00f3 de sus pares que abundaron el discurso presidencial, ya que era \u201cun acto de importancia trascendental\u201d. El gui\u00f1o a un posteo del diputado Manes &nbsp; &nbsp; El Diputado Nacional particip\u00f3 este martes de la Asamblea Legislativa, en la cual, el Presidente Alberto Fern\u00e1ndez dej\u00f3 inaugurado un nuevo a\u00f1o legislativo. A trav\u00e9s de un comunicado de prensa, Pedro Galimberti se refiri\u00f3 a la actitud de algunos pares que abandonaron el recinto, en el medio del discurso&#8230;<\/p>\n","protected":false},"author":3,"featured_media":82934,"comment_status":"closed","ping_status":"closed","sticky":false,"template":"","format":"standard","meta":[],"categories":[15],"tags":[],"_links":{"self":[{"href":"https:\/\/www.actualidadadiario.com\/index.php\/wp-json\/wp\/v2\/posts\/82933"}],"collection":[{"href":"https:\/\/www.actualidadadiario.com\/index.php\/wp-json\/wp\/v2\/posts"}],"about":[{"href":"https:\/\/www.actualidadadiario.com\/index.php\/wp-json\/wp\/v2\/types\/post"}],"author":[{"embeddable":true,"href":"https:\/\/www.actualidadadiario.com\/index.php\/wp-json\/wp\/v2\/users\/3"}],"replies":[{"embeddable":true,"href":"https:\/\/www.actualidadadiario.com\/index.php\/wp-json\/wp\/v2\/comments?post=82933"}],"version-history":[{"count":1,"href":"https:\/\/www.actualidadadiario.com\/index.php\/wp-json\/wp\/v2\/posts\/82933\/revisions"}],"predecessor-version":[{"id":82935,"href":"https:\/\/www.actualidadadiario.com\/index.php\/wp-json\/wp\/v2\/posts\/82933\/revisions\/82935"}],"wp:featuredmedia":[{"embeddable":true,"href":"https:\/\/www.actualidadadiario.com\/index.php\/wp-json\/wp\/v2\/media\/82934"}],"wp:attachment":[{"href":"https:\/\/www.actualidadadiario.com\/index.php\/wp-json\/wp\/v2\/media?parent=82933"}],"wp:term":[{"taxonomy":"category","embeddable":true,"href":"https:\/\/www.actualidadadiario.com\/index.php\/wp-json\/wp\/v2\/categories?post=82933"},{"taxonomy":"post_tag","embeddable":true,"href":"https:\/\/www.actualidadadiario.com\/index.php\/wp-json\/wp\/v2\/tags?post=82933"}],"curies":[{"name":"wp","href":"https:\/\/api.w.org\/{rel}","templated":true}]}}