{"id":82929,"date":"2022-03-02T12:04:59","date_gmt":"2022-03-02T15:04:59","guid":{"rendered":"https:\/\/www.actualidadadiario.com\/?p=82929"},"modified":"2022-03-02T12:04:59","modified_gmt":"2022-03-02T15:04:59","slug":"lammens-celebro-una-temporada-de-verano-record-y-destaco-el-exito-del-previaje","status":"publish","type":"post","link":"https:\/\/www.actualidadadiario.com\/index.php\/2022\/03\/02\/lammens-celebro-una-temporada-de-verano-record-y-destaco-el-exito-del-previaje\/","title":{"rendered":"Lammens celebr\u00f3 una temporada de verano r\u00e9cord y destac\u00f3 el \u00e9xito del PreViaje"},"content":{"rendered":"<p style=\"text-align: center;\"><em><strong>El ministro de Turismo asegur\u00f3 que el sector &#8220;est\u00e1 creciendo exponencialmente&#8221;. Durante la temporada, m\u00e1s de 32 millones de turistas viajaron por el pa\u00ed<\/strong><\/em><strong>s<\/strong><\/p>\n<p>&nbsp;<\/p>\n<p>&nbsp;<\/p>\n<p>El ministro de Turismo y Deportes, Mat\u00edas Lammens, se mostr\u00f3 conforme con la &#8220;temporada de verano r\u00e9cord&#8221; que se registr\u00f3 en el pa\u00eds gracias a los m\u00e1s de 32 millones de turistas que viajaron a distintos destinos tur\u00edsticos y subray\u00f3 que el sector &#8220;est\u00e1 creciendo exponencialmente&#8221;.<\/p>\n<p>&#8220;Estamos concluyendo una temporada de verano r\u00e9cord, de las mejores de los \u00faltimos 20 a\u00f1os, con m\u00e1s de 32 millones de personas disfrutando los destinos de nuestro pa\u00eds. Es una gran noticia porque nos demuestra no solo que el turismo se est\u00e1 recuperando, sino que est\u00e1 creciendo exponencialmente&#8221;, se\u00f1al\u00f3 el funcionario nacional.<\/p>\n<p>El titular de la cartera tur\u00edstica indic\u00f3 que &#8220;estos resultados fueron posibles en gran medida gracias al impulso de PreViaje y sus m\u00faltiples virtudes: una iniciativa profundamente federal, cuyo impacto derram\u00f3 en destinos de todo el pa\u00eds, extendi\u00f3 la temporada e increment\u00f3 el gasto promedio de los 4,5 millones de turistas que lo utilizaron&#8221;.<\/p>\n<p>&#8220;Estamos entusiasmados con lo que viene: el turismo est\u00e1 generando una r\u00e1pida recuperaci\u00f3n de empleo y nos demuestra que ya es motor de crecimiento econ\u00f3mico en todas las regiones de la Argentina&#8221;, afirm\u00f3 Lammens.<\/p>\n<p>Seg\u00fan datos de la C\u00e1mara Argentina de la Mediana Empresa (CAME), en el verano viajaron 32,3 millones de turistas por el pa\u00eds, quienes dejaron un impacto econ\u00f3mico directo de 584,619 millones de pesos.<\/p>\n<p>&#8220;Hubo 44,1% m\u00e1s de turistas que en el verano de 2021 y un gasto que a precios constantes fue 92,7% mayor. Ese fuerte incremento se explica tanto porque viajaron 10 millones m\u00e1s de personas que el a\u00f1o pasado, como tambi\u00e9n porque la estad\u00eda media fue sustancialmente mayor (pas\u00f3 de 3,8 d\u00edas a 4,6)&#8221;, a\u00f1adi\u00f3 el informe de la destacada entidad.<\/p>\n","protected":false},"excerpt":{"rendered":"<p>El ministro de Turismo asegur\u00f3 que el sector &#8220;est\u00e1 creciendo exponencialmente&#8221;. Durante la temporada, m\u00e1s de 32 millones de turistas viajaron por el pa\u00eds &nbsp; &nbsp; El ministro de Turismo y Deportes, Mat\u00edas Lammens, se mostr\u00f3 conforme con la &#8220;temporada de verano r\u00e9cord&#8221; que se registr\u00f3 en el pa\u00eds gracias a los m\u00e1s de 32 millones de turistas que viajaron a distintos destinos tur\u00edsticos y subray\u00f3 que el sector &#8220;est\u00e1 creciendo exponencialmente&#8221;. &#8220;Estamos concluyendo una temporada de verano r\u00e9cord, de las mejores de los \u00faltimos 20 a\u00f1os, con m\u00e1s de&#8230;<\/p>\n","protected":false},"author":3,"featured_media":78454,"comment_status":"closed","ping_status":"closed","sticky":false,"template":"","format":"standard","meta":[],"categories":[18],"tags":[],"_links":{"self":[{"href":"https:\/\/www.actualidadadiario.com\/index.php\/wp-json\/wp\/v2\/posts\/82929"}],"collection":[{"href":"https:\/\/www.actualidadadiario.com\/index.php\/wp-json\/wp\/v2\/posts"}],"about":[{"href":"https:\/\/www.actualidadadiario.com\/index.php\/wp-json\/wp\/v2\/types\/post"}],"author":[{"embeddable":true,"href":"https:\/\/www.actualidadadiario.com\/index.php\/wp-json\/wp\/v2\/users\/3"}],"replies":[{"embeddable":true,"href":"https:\/\/www.actualidadadiario.com\/index.php\/wp-json\/wp\/v2\/comments?post=82929"}],"version-history":[{"count":1,"href":"https:\/\/www.actualidadadiario.com\/index.php\/wp-json\/wp\/v2\/posts\/82929\/revisions"}],"predecessor-version":[{"id":82930,"href":"https:\/\/www.actualidadadiario.com\/index.php\/wp-json\/wp\/v2\/posts\/82929\/revisions\/82930"}],"wp:featuredmedia":[{"embeddable":true,"href":"https:\/\/www.actualidadadiario.com\/index.php\/wp-json\/wp\/v2\/media\/78454"}],"wp:attachment":[{"href":"https:\/\/www.actualidadadiario.com\/index.php\/wp-json\/wp\/v2\/media?parent=82929"}],"wp:term":[{"taxonomy":"category","embeddable":true,"href":"https:\/\/www.actualidadadiario.com\/index.php\/wp-json\/wp\/v2\/categories?post=82929"},{"taxonomy":"post_tag","embeddable":true,"href":"https:\/\/www.actualidadadiario.com\/index.php\/wp-json\/wp\/v2\/tags?post=82929"}],"curies":[{"name":"wp","href":"https:\/\/api.w.org\/{rel}","templated":true}]}}