{"id":82921,"date":"2022-03-02T12:02:29","date_gmt":"2022-03-02T15:02:29","guid":{"rendered":"https:\/\/www.actualidadadiario.com\/?p=82921"},"modified":"2022-03-02T12:02:29","modified_gmt":"2022-03-02T15:02:29","slug":"argentina-reclamo-a-reino-unido-la-reanudacion-de-un-vuelo-regular-a-las-islas-malvinas","status":"publish","type":"post","link":"https:\/\/www.actualidadadiario.com\/index.php\/2022\/03\/02\/argentina-reclamo-a-reino-unido-la-reanudacion-de-un-vuelo-regular-a-las-islas-malvinas\/","title":{"rendered":"Argentina reclam\u00f3 a Reino Unido la reanudaci\u00f3n de un vuelo regular a las Islas Malvinas"},"content":{"rendered":"<p style=\"text-align: center;\"><em><strong>El pedido se dio a trav\u00e9s de Canciller\u00eda. El vuelo de Punta Arenas a las Malvinas, con dos escalas en R\u00edo Gallego, fue suspendido de forma unilateral por el gobierno ingl\u00e9s en medio de la pandemia<\/strong><\/em><\/p>\n<p>&nbsp;<\/p>\n<p>&nbsp;<\/p>\n<p>Argentina reclam\u00f3 a Gran Breta\u00f1a, a trav\u00e9s de un comunicado de Canciller\u00eda, el reestablecimiento del vuelo regular desde Punta Arenas (Chile) a las Islas Malvinas, con dos escalas mensuales en R\u00edo Gallegos (provincia de Santa Cruz), suspendido de forma unilateral por el gobierno ingl\u00e9s desde marzo del 2020 con el inicio de la pandemia del COVID-19.<\/p>\n<p>&#8220;El Gobierno argentino considera necesaria y oportuna la reanudaci\u00f3n de mencionado servicio a\u00e9reo regular, que permitir\u00eda atender tanto las necesidades de los habitantes de las islas como la de los habitantes del territorio continental, en especial, la de los familiares de visitar las tumbas de sus seres queridos ca\u00eddos en el conflicto&#8221;, afirm\u00f3 el ministerio en un comunicado. Dicho pedido ya se realiz\u00f3 en varias oportunidades durante estos \u00faltimos dos a\u00f1os.<\/p>\n<p>Al mismo tiempo, el secretario de Malvinas, Ant\u00e1rtida y Atl\u00e1ntico Sur, Guillermo Carmona, remarc\u00f3 que durante el mes de diciembre el gobierno argentino &#8220;ofreci\u00f3 dos vuelos humanitarios desde el territorio continental argentino, con l\u00ednea de bandera nacional, a las islas&#8221; con el objetivo de atender dicha desconexi\u00f3n transportando a residentes &#8220;que necesiten viajar a otros destinos para atender tr\u00e1mites personales o visitar familiares&#8221;. Reino Unido no acept\u00f3 ninguna de ellas e increment\u00f3 la desconexi\u00f3n entre los territorios.<\/p>\n<p>Tras el pedido realizado por el Ministerio de Relaciones Exteriores a la embajada brit\u00e1nica en Buenos Aires, la Canciller\u00eda explic\u00f3 que el vuelo cancelado -prestado inicialmente por la empresa LAN y luego LATAM- &#8220;se encuentra enmarcado en la Declaraci\u00f3n Conjunta de Madrid del 19 de octubre de 1989, as\u00ed como la Declaraci\u00f3n Conjunta y el Canje de Notas del 14 de julio de 1999&#8243;.<\/p>\n<p>Por otro lado, Carmona explic\u00f3: En la Secretar\u00eda de Malvinas hemos recibido consultas de familiares de ca\u00eddos en la guerra de 1982 que quieren ir al Cementerio de Darwin&#8221; a visitar las tumbas de los soldados muertos. Por eso, sostuvo, la Argentina &#8220;sigue reiterando&#8221; a Reino Unido &#8220;el ofrecimiento de vuelos desde territorio continental a las islas con l\u00edneas de bandera argentina&#8221;.<\/p>\n<p>Cabe remarcar que, durante la apertura de las sesiones ordinarias del Congreso, el presidente de la Naci\u00f3n Alberto Fern\u00e1ndez ratific\u00f3 que la Argentina mantiene su b\u00fasqueda de &#8220;una soluci\u00f3n negociada y pac\u00edfica&#8221; con respecto a la soberan\u00eda de Malvinas y ratific\u00f3: &#8220;Fueron, son y ser\u00e1n argentinas&#8221;. Desde Ginebra, Suiza, en tanto, el canciller Santiago Cafiero agradeci\u00f3 el apoyo de su par peruano, C\u00e9sar Landa Arroyo, y el del resto de los gobiernos del mundo que respaldan el reclamo argentino.<\/p>\n","protected":false},"excerpt":{"rendered":"<p>El pedido se dio a trav\u00e9s de Canciller\u00eda. El vuelo de Punta Arenas a las Malvinas, con dos escalas en R\u00edo Gallego, fue suspendido de forma unilateral por el gobierno ingl\u00e9s en medio de la pandemia &nbsp; &nbsp; Argentina reclam\u00f3 a Gran Breta\u00f1a, a trav\u00e9s de un comunicado de Canciller\u00eda, el reestablecimiento del vuelo regular desde Punta Arenas (Chile) a las Islas Malvinas, con dos escalas mensuales en R\u00edo Gallegos (provincia de Santa Cruz), suspendido de forma unilateral por el gobierno ingl\u00e9s desde marzo del 2020 con el inicio de&#8230;<\/p>\n","protected":false},"author":3,"featured_media":82922,"comment_status":"closed","ping_status":"closed","sticky":false,"template":"","format":"standard","meta":[],"categories":[18],"tags":[],"_links":{"self":[{"href":"https:\/\/www.actualidadadiario.com\/index.php\/wp-json\/wp\/v2\/posts\/82921"}],"collection":[{"href":"https:\/\/www.actualidadadiario.com\/index.php\/wp-json\/wp\/v2\/posts"}],"about":[{"href":"https:\/\/www.actualidadadiario.com\/index.php\/wp-json\/wp\/v2\/types\/post"}],"author":[{"embeddable":true,"href":"https:\/\/www.actualidadadiario.com\/index.php\/wp-json\/wp\/v2\/users\/3"}],"replies":[{"embeddable":true,"href":"https:\/\/www.actualidadadiario.com\/index.php\/wp-json\/wp\/v2\/comments?post=82921"}],"version-history":[{"count":1,"href":"https:\/\/www.actualidadadiario.com\/index.php\/wp-json\/wp\/v2\/posts\/82921\/revisions"}],"predecessor-version":[{"id":82923,"href":"https:\/\/www.actualidadadiario.com\/index.php\/wp-json\/wp\/v2\/posts\/82921\/revisions\/82923"}],"wp:featuredmedia":[{"embeddable":true,"href":"https:\/\/www.actualidadadiario.com\/index.php\/wp-json\/wp\/v2\/media\/82922"}],"wp:attachment":[{"href":"https:\/\/www.actualidadadiario.com\/index.php\/wp-json\/wp\/v2\/media?parent=82921"}],"wp:term":[{"taxonomy":"category","embeddable":true,"href":"https:\/\/www.actualidadadiario.com\/index.php\/wp-json\/wp\/v2\/categories?post=82921"},{"taxonomy":"post_tag","embeddable":true,"href":"https:\/\/www.actualidadadiario.com\/index.php\/wp-json\/wp\/v2\/tags?post=82921"}],"curies":[{"name":"wp","href":"https:\/\/api.w.org\/{rel}","templated":true}]}}