{"id":82918,"date":"2022-03-02T12:01:37","date_gmt":"2022-03-02T15:01:37","guid":{"rendered":"https:\/\/www.actualidadadiario.com\/?p=82918"},"modified":"2022-03-02T12:01:37","modified_gmt":"2022-03-02T15:01:37","slug":"facundo-manes-ya-probamos-con-no-escucharnos-y-asi-estamos-mas-empatia-y-menos-grieta","status":"publish","type":"post","link":"https:\/\/www.actualidadadiario.com\/index.php\/2022\/03\/02\/facundo-manes-ya-probamos-con-no-escucharnos-y-asi-estamos-mas-empatia-y-menos-grieta\/","title":{"rendered":"Facundo Manes: &#8220;Ya probamos con no escucharnos y as\u00ed estamos, m\u00e1s empat\u00eda y menos grieta&#8221;"},"content":{"rendered":"<p style=\"text-align: center;\"><em><strong>La Asamblea Legislativa que encabez\u00f3 el presidente Alberto Fern\u00e1ndez dej\u00f3 expuestas las diferencias dentro de Juntos por el Cambio por el acuerdo con el Fondo Monetario Internacional (FMI) y por la responsabilidad del gobierno anterior en esa deuda<\/strong><\/em><\/p>\n<p>&nbsp;<\/p>\n<p>&nbsp;<\/p>\n<p>La Asamblea Legislativa que encabez\u00f3 el presidente Alberto Fern\u00e1ndez dej\u00f3 expuestas las diferencias dentro de Juntos por el Cambio por el acuerdo con el Fondo Monetario Internacional (FMI) y por la responsabilidad del gobierno anterior en esa deuda.<\/p>\n<p>Esas distintas posturas quedaron a la vista cuando el PRO eligi\u00f3 retirarse del recinto en el momento en que Fern\u00e1ndez cuestion\u00f3 al ex mandatario Mauricio Macri por haber tomado la deuda y exhort\u00f3 a la Justicia a avanzar en la investigaci\u00f3n sobre si existi\u00f3 delito en esa negociaci\u00f3n.<\/p>\n<p>Todos los legisladores de la Uni\u00f3n C\u00edvica Radical y de la Coalici\u00f3n C\u00edvica optaron por quedarse a terminar de escuchar al jefe de Estado, algo que dej\u00f3 a la vista las diferentes posturas dentro del frente opositor.<\/p>\n<p>Uno de los que explic\u00f3 su decisi\u00f3n de quedarse fue el radical Facundo Manes, que a trav\u00e9s de su cuenta de Twitter, se\u00f1al\u00f3: &#8220;Me preguntan por qu\u00e9 me qued\u00e9. Ya probamos con no escucharnos y as\u00ed estamos. No coincido con muchas cosas del discurso, pero si no lo escucho no puedo opinar. M\u00e1s EMPAT\u00cdA y menos grieta = m\u00e1s desarrollo inclusivo. La Argentina del futuro ser\u00e1 de los que nos quedamos&#8221;.<\/p>\n<p>En la misma tesitura, su par Alejandra Lorden elogi\u00f3 la postura del neurocient\u00edfico.\u00a0 \u201cPorque la democracia es di\u00e1logo, tolerancia y respeto, por eso sos distinto Facundo, sin aceptar la mentira pero con escucha.#Empatia\u201d, se\u00f1al\u00f3 Lorden, vicepresidenta del radicalismo de la provincia de Buenos Aires<\/p>\n<p>Por su parte desde la Coalici\u00f3n C\u00edvica, cuyos diputados no se retiraron del recinto hubo un comunicado referido al discurso de Alberto Fern\u00e1ndez pero no aclararon p\u00fablicamente porque decidieron permanecer en el recinto: &#8220;Un discurso que no estuvo a la altura de la responsabilidad hist\u00f3rica, mucho golpe bajo, provocaciones y no asumiendo la propia debilidad y complejidad que tiene con el acuerdo con el FMI y situaci\u00f3n geopol\u00edtica por la invasi\u00f3n de Rusia a Ucrania&#8221;. Y agregaron: &#8220;Los argentinos no sabemos de qu\u00e9 pa\u00eds habl\u00f3. No plante\u00f3 soluciones a los problemas m\u00e1s urgentes: inflaci\u00f3n, inseguridad, pobreza, ca\u00edda de las empresas, p\u00e9rdida de poder adquisitivo de los trabajadores y decadencia generalizada del pa\u00eds&#8221;.\u00a0 Y para dar una muestra de unidad a pesar de la decisi\u00f3n de los diputados del PRO de vaciar el recinto el presidente de la CC, Maxi Ferraro public\u00f3 una foto de Juntos por el Cambio en su cuenta en twitter.<\/p>\n<p>Los diputados y senadores del Pro emitieron un comunicado en el que justificaron su retirada por las \u201cinjustificables acusaciones y difamaciones\u201d de Fern\u00e1ndez.<\/p>\n","protected":false},"excerpt":{"rendered":"<p>La Asamblea Legislativa que encabez\u00f3 el presidente Alberto Fern\u00e1ndez dej\u00f3 expuestas las diferencias dentro de Juntos por el Cambio por el acuerdo con el Fondo Monetario Internacional (FMI) y por la responsabilidad del gobierno anterior en esa deuda &nbsp; &nbsp; La Asamblea Legislativa que encabez\u00f3 el presidente Alberto Fern\u00e1ndez dej\u00f3 expuestas las diferencias dentro de Juntos por el Cambio por el acuerdo con el Fondo Monetario Internacional (FMI) y por la responsabilidad del gobierno anterior en esa deuda. Esas distintas posturas quedaron a la vista cuando el PRO eligi\u00f3 retirarse&#8230;<\/p>\n","protected":false},"author":3,"featured_media":82919,"comment_status":"closed","ping_status":"closed","sticky":false,"template":"","format":"standard","meta":[],"categories":[18],"tags":[],"_links":{"self":[{"href":"https:\/\/www.actualidadadiario.com\/index.php\/wp-json\/wp\/v2\/posts\/82918"}],"collection":[{"href":"https:\/\/www.actualidadadiario.com\/index.php\/wp-json\/wp\/v2\/posts"}],"about":[{"href":"https:\/\/www.actualidadadiario.com\/index.php\/wp-json\/wp\/v2\/types\/post"}],"author":[{"embeddable":true,"href":"https:\/\/www.actualidadadiario.com\/index.php\/wp-json\/wp\/v2\/users\/3"}],"replies":[{"embeddable":true,"href":"https:\/\/www.actualidadadiario.com\/index.php\/wp-json\/wp\/v2\/comments?post=82918"}],"version-history":[{"count":1,"href":"https:\/\/www.actualidadadiario.com\/index.php\/wp-json\/wp\/v2\/posts\/82918\/revisions"}],"predecessor-version":[{"id":82920,"href":"https:\/\/www.actualidadadiario.com\/index.php\/wp-json\/wp\/v2\/posts\/82918\/revisions\/82920"}],"wp:featuredmedia":[{"embeddable":true,"href":"https:\/\/www.actualidadadiario.com\/index.php\/wp-json\/wp\/v2\/media\/82919"}],"wp:attachment":[{"href":"https:\/\/www.actualidadadiario.com\/index.php\/wp-json\/wp\/v2\/media?parent=82918"}],"wp:term":[{"taxonomy":"category","embeddable":true,"href":"https:\/\/www.actualidadadiario.com\/index.php\/wp-json\/wp\/v2\/categories?post=82918"},{"taxonomy":"post_tag","embeddable":true,"href":"https:\/\/www.actualidadadiario.com\/index.php\/wp-json\/wp\/v2\/tags?post=82918"}],"curies":[{"name":"wp","href":"https:\/\/api.w.org\/{rel}","templated":true}]}}