{"id":82915,"date":"2022-03-02T12:00:33","date_gmt":"2022-03-02T15:00:33","guid":{"rendered":"https:\/\/www.actualidadadiario.com\/?p=82915"},"modified":"2022-03-02T12:00:33","modified_gmt":"2022-03-02T15:00:33","slug":"alberto-fernandez-se-reunio-con-massa-en-olivos-y-el-acuerdo-con-el-fmi-seria-enviado-a-diputados","status":"publish","type":"post","link":"https:\/\/www.actualidadadiario.com\/index.php\/2022\/03\/02\/alberto-fernandez-se-reunio-con-massa-en-olivos-y-el-acuerdo-con-el-fmi-seria-enviado-a-diputados\/","title":{"rendered":"Alberto Fern\u00e1ndez se reuni\u00f3 con Massa en Olivos y el acuerdo con el FMI ser\u00eda enviado a Diputados"},"content":{"rendered":"<p style=\"text-align: center;\"><em><strong>As\u00ed lo indicaron altas fuentes parlamentarias, que afirmaron que el tigrense le pidi\u00f3 al jefe de Estado que desde el Gobierno nacional haya una &#8220;participaci\u00f3n activa&#8221; en la b\u00fasqueda de apoyo de las distintas bancadas<\/strong><\/em><\/p>\n<p>&nbsp;<\/p>\n<p>&nbsp;<\/p>\n<p>En momentos en que se &#8220;ultiman los detalles&#8221; del proyecto de ley del acuerdo con el Fondo Monetario Internacional (FMI), el presidente Alberto Fern\u00e1ndez se reuni\u00f3 hoy en la Residencia de Olivos con el titular de la C\u00e1mara de Diputados Sergio Massa para analizar el tema.<\/p>\n<p>Fuentes parlamentarias precisaron que en el Ejecutivo nacional apuestan a cerrar en las pr\u00f3ximas horas el acuerdo con el FMI y enviar el proyecto &#8220;este mi\u00e9rcoles&#8221; a la C\u00e1mara de Diputados.<\/p>\n<p>&#8220;Nos dicen que entra este mi\u00e9rcoles&#8221;, confiaron alt\u00edsimas fuentes con despacho en el Parlamento, y afirmaron que el tigrense le pidi\u00f3 al jefe de Estado que desde el Gobierno nacional haya una &#8220;participaci\u00f3n activa&#8221; en la b\u00fasqueda de apoyo de las distintas bancadas.<\/p>\n<p>Al t\u00e9rmino de la Asamblea Legislativa, Massa acompa\u00f1\u00f3 al Presidente a la Quinta Presidencial para analizar la estrategia con la que el Frente de Todos negociar\u00e1 el apoyo pol\u00edtico de diputados y senadores del oficialismo y de la oposici\u00f3n, con el prop\u00f3sito de que el acuerdo con el FMI sea aprobado en el Congreso.<\/p>\n<p>Fuentes oficiales confirmaron que si bien el Gobierno nacional logr\u00f3 hoy cerrar el acuerdo t\u00e9cnico con el staff del Fondo, a\u00fan restan ultimar &#8220;detalles m\u00ednimos&#8221; para que el proyecto de ley pueda ser enviado al Parlamento.<\/p>\n<p>Al inaugurar el periodo de sesiones ordinarias, Alberto Fern\u00e1ndez puntualiz\u00f3: &#8220;Necesitamos que nos acompa\u00f1en y apelo as\u00ed al compromiso nacional de todos y todas. A partir de esta semana esperamos que est\u00e9 en manos de los legisladores&#8221;.<\/p>\n<p>&#8220;A\u00fan hoy seguimos negociando aspectos vinculados a la formalizaci\u00f3n de ese acuerdo que conf\u00edo concluir a la brevedad. En el contexto mundial que vivimos y teniendo en cuenta la magnitud de los compromisos que asumi\u00f3 Argentina y que buscamos modificar, defender los derechos de nuestro pueblo demanda mucho m\u00e1s que cinco minutos&#8221;, manifest\u00f3 el jefe de Estado.<\/p>\n<p>El desaf\u00edo que encarar\u00e1 ahora el oficialismo, en medio de la discusi\u00f3n interna, es aprobar el entendimiento con el organismo de cr\u00e9dito internacional en el Congreso, aunque hay optimismo en el Poder Ejecutivo, ya que parte de la oposici\u00f3n anticip\u00f3 que tiene intenciones de acompa\u00f1ar.<\/p>\n","protected":false},"excerpt":{"rendered":"<p>As\u00ed lo indicaron altas fuentes parlamentarias, que afirmaron que el tigrense le pidi\u00f3 al jefe de Estado que desde el Gobierno nacional haya una &#8220;participaci\u00f3n activa&#8221; en la b\u00fasqueda de apoyo de las distintas bancadas &nbsp; &nbsp; En momentos en que se &#8220;ultiman los detalles&#8221; del proyecto de ley del acuerdo con el Fondo Monetario Internacional (FMI), el presidente Alberto Fern\u00e1ndez se reuni\u00f3 hoy en la Residencia de Olivos con el titular de la C\u00e1mara de Diputados Sergio Massa para analizar el tema. Fuentes parlamentarias precisaron que en el Ejecutivo&#8230;<\/p>\n","protected":false},"author":3,"featured_media":82916,"comment_status":"closed","ping_status":"closed","sticky":false,"template":"","format":"standard","meta":[],"categories":[9],"tags":[],"_links":{"self":[{"href":"https:\/\/www.actualidadadiario.com\/index.php\/wp-json\/wp\/v2\/posts\/82915"}],"collection":[{"href":"https:\/\/www.actualidadadiario.com\/index.php\/wp-json\/wp\/v2\/posts"}],"about":[{"href":"https:\/\/www.actualidadadiario.com\/index.php\/wp-json\/wp\/v2\/types\/post"}],"author":[{"embeddable":true,"href":"https:\/\/www.actualidadadiario.com\/index.php\/wp-json\/wp\/v2\/users\/3"}],"replies":[{"embeddable":true,"href":"https:\/\/www.actualidadadiario.com\/index.php\/wp-json\/wp\/v2\/comments?post=82915"}],"version-history":[{"count":1,"href":"https:\/\/www.actualidadadiario.com\/index.php\/wp-json\/wp\/v2\/posts\/82915\/revisions"}],"predecessor-version":[{"id":82917,"href":"https:\/\/www.actualidadadiario.com\/index.php\/wp-json\/wp\/v2\/posts\/82915\/revisions\/82917"}],"wp:featuredmedia":[{"embeddable":true,"href":"https:\/\/www.actualidadadiario.com\/index.php\/wp-json\/wp\/v2\/media\/82916"}],"wp:attachment":[{"href":"https:\/\/www.actualidadadiario.com\/index.php\/wp-json\/wp\/v2\/media?parent=82915"}],"wp:term":[{"taxonomy":"category","embeddable":true,"href":"https:\/\/www.actualidadadiario.com\/index.php\/wp-json\/wp\/v2\/categories?post=82915"},{"taxonomy":"post_tag","embeddable":true,"href":"https:\/\/www.actualidadadiario.com\/index.php\/wp-json\/wp\/v2\/tags?post=82915"}],"curies":[{"name":"wp","href":"https:\/\/api.w.org\/{rel}","templated":true}]}}