{"id":82910,"date":"2022-03-02T11:59:46","date_gmt":"2022-03-02T14:59:46","guid":{"rendered":"https:\/\/www.actualidadadiario.com\/?p=82910"},"modified":"2022-03-02T11:59:46","modified_gmt":"2022-03-02T14:59:46","slug":"cuales-son-los-proyectos-de-ley-que-alberto-fernandez-enviara-al-congreso-en-2022","status":"publish","type":"post","link":"https:\/\/www.actualidadadiario.com\/index.php\/2022\/03\/02\/cuales-son-los-proyectos-de-ley-que-alberto-fernandez-enviara-al-congreso-en-2022\/","title":{"rendered":"Cu\u00e1les son los proyectos de ley que Alberto Fern\u00e1ndez enviar\u00e1 al Congreso en 2022"},"content":{"rendered":"<p style=\"text-align: center;\"><em><strong>El Presidente anunci\u00f3 ayer un Plan de Empleo Joven, licencias parentales igualitarias, un Plan Argentino de Ciencia y Tecnolog\u00eda 2030 y una iniciativa que proteja los derechos de las personas con discapacidad, entre otras iniciativas legislativas<\/strong><\/em><\/p>\n<p>&nbsp;<\/p>\n<p>&nbsp;<\/p>\n<p>El presidente Alberto Fern\u00e1ndez anunci\u00f3 este martes durante la Asamblea Legislativa los proyectos de ley que el Poder Ejecutivo enviar\u00e1 al Congreso durante el 2022 para que sean analizados por los legisladores de ambas C\u00e1maras.<\/p>\n<p>&nbsp;<\/p>\n<p><strong>Los proyectos\u00a0 <\/strong><\/p>\n<p><strong>Ley de Empleo Joven<\/strong><\/p>\n<p>El mandatario indic\u00f3 que el &#8220;empleo formal se viene recuperando mes a mes desde fines de 2020&#8221; y que la &#8220;la tasa de desocupaci\u00f3n fue del 8,2 % en el tercer trimestre de 2021, la menor en m\u00e1s de tres a\u00f1os&#8221;. Tambi\u00e9n explic\u00f3 que &#8220;en 2021, alrededor de unas 175 mil personas lograron incorporarse al empleo asalariado registrado en empresas privadas&#8221;.<\/p>\n<p>En este contexto anunci\u00f3 el env\u00edo al Congreso de un Proyecto de Ley de Empleo Joven. &#8220;Sabemos que los j\u00f3venes est\u00e1n entre los sectores m\u00e1s afectados por la pandemia&#8221;, sentenci\u00f3.<\/p>\n<p>En este sentido puntualiz\u00f3 que la iniciativa ayudar\u00e1 a &#8220;convertir los planes sociales en empleo formal recurriendo a la formaci\u00f3n en oficios, capacitaci\u00f3n y fomento de la terminalidad educativa; mediante la registraci\u00f3n de la econom\u00eda popular; y a trav\u00e9s de 340 bancos de maquinarias y herramientas&#8221;.<\/p>\n<p>&nbsp;<\/p>\n<p><strong>Plan Argentino de Ciencia y Tecnolog\u00eda 2030<\/strong><\/p>\n<p>El mandatario anunci\u00f3 que en los pr\u00f3ximos d\u00edas enviar\u00e1 al Congreso nacional el proyecto de Ley del Plan Argentino de Ciencia y Tecnolog\u00eda 2030 que fue &#8220;debatido y concertado con los actores de la comunidad cient\u00edfica, universitaria y productiva del pa\u00eds&#8221;.<\/p>\n<p>&#8220;Estoy convencido que en educaci\u00f3n como en ciencia, los argentinos y argentinas debemos avanzar hacia pol\u00edticas de Estado&#8221;, indico. &#8220;Uno de los grandes objetivos del presente a\u00f1o ser\u00e1 iniciar un enorme proceso de federalizaci\u00f3n de la ciencia. Agregar valor, fortalecer las cadenas productivas con modernas tecnolog\u00edas all\u00ed donde est\u00e1 la producci\u00f3n primaria permitir\u00e1 abrir numerosas fuentes laborales&#8221;, continu\u00f3.<\/p>\n<p>&nbsp;<\/p>\n<p><strong>Ley para modificar el sistema de inteligencia<\/strong><\/p>\n<p>&#8220;En los pr\u00f3ximos d\u00edas enviar\u00e9 un proyecto de Ley que permita consolidar el trabajo hecho en estos a\u00f1os en materia de inteligencia. Es indispensable que el Congreso acompa\u00f1e este camino&#8221;, sostuvo el jefe de Estado.<\/p>\n<p>&#8220;Necesitamos contar con organismos de inteligencia que permitan producir informaci\u00f3n estrat\u00e9gica de calidad que contribuya a tomar decisiones y a proteger (no a espiar) al conjunto de la poblaci\u00f3n frente a los riesgos y desaf\u00edos de un mundo cada vez m\u00e1s din\u00e1mico&#8221;, analiz\u00f3, luego de sostener que &#8220;en la Argentina de hoy no hay espionaje pol\u00edtico&#8221;, &#8220;no se intervienen tel\u00e9fonos sin causa judicial&#8221; y &#8220;cada uno piensa y dice lo que se le da la gana&#8221;.<\/p>\n<p>&nbsp;<\/p>\n<p><strong>Est\u00e1ndares b\u00e1sicos de comportamiento de las fuerzas de seguridad<\/strong><\/p>\n<p>&#8220;La Argentina tiene la obligaci\u00f3n \u00e9tica de prevenir y erradicar la violencia institucional. Enviar\u00e9 un proyecto de Ley que establezca est\u00e1ndares b\u00e1sicos de comportamiento de las fuerzas de seguridad en todo el territorio argentino&#8221;, anticip\u00f3 Alberto Fern\u00e1ndez ante la Asamblea legislativa.<\/p>\n<p>&#8220;Queremos un pa\u00eds respetuoso de todos y todas. De todas las diversidades y de todas las diferencias. Por eso, reforzaremos el trabajo para garantizar los derechos constitucionales garantizados a los pueblos originarios&#8221;, continu\u00f3.<\/p>\n<p>&nbsp;<\/p>\n<p><strong>Ley para proteger los derechos de las personas con discapacidad<\/strong><\/p>\n<p>El Presidente llam\u00f3 durante su discurso a &#8220;avanzar en reducir las desigualdades que genera la discapacidad, para proteger los derechos de m\u00e1s de 4 millones de argentinos y argentinas&#8221;.<\/p>\n<p>En este sentido, anunci\u00f3 el env\u00edo al Congreso un Proyecto de Ley para proteger los derechos de las personas con discapacidad, &#8220;para tener una Argentina justa e inclusiva&#8221; , tras recoger las sugerencias de todos los sectores y para que &#8220;el marco normativo sobre discapacidad sea fruto de nuestra democracia&#8221;.<\/p>\n<p>&nbsp;<\/p>\n<p><strong>Sistema integral de cuidados con perspectiva de g\u00e9nero<\/strong><\/p>\n<p>&#8220;Todas y todos necesitamos ser cuidados en alg\u00fan momento de nuestras vidas. En la primera infancia y en la ancianidad. Tambi\u00e9n en circunstancias de enfermedad o de necesidades especiales. La desigual distribuci\u00f3n del trabajo de cuidado es el coraz\u00f3n de las desigualdades entre los g\u00e9neros&#8221;, explic\u00f3 el Presidente.<\/p>\n<p>En este sentido, se\u00f1al\u00f3 que la iniciativa que enviar\u00e1 al Congreso &#8220;permitir\u00e1 crear m\u00e1s de 200.000 puestos de trabajo para quienes cuidan a m\u00e1s de 1 mill\u00f3n de personas que necesitan de esos cuidadas&#8221;.<\/p>\n<p>Adem\u00e1s, anunci\u00f3 la construcci\u00f3n de 326 nuevos espacios de Primera Infancia, la finalizaci\u00f3n de otras 200 obras de mejora edilicia para 50 mil ni\u00f1os y ni\u00f1as de hasta 4 a\u00f1os de edad y la construcci\u00f3n de una Red de 30 Centros Territoriales de Pol\u00edticas de G\u00e9nero y Diversidad en todas las provincias.<\/p>\n<p>&nbsp;<\/p>\n<p><strong>R\u00e9gimen de licencias parentales igualitarias<\/strong><\/p>\n<p>&#8220;Argentina es uno de los pa\u00edses latinoamericanos m\u00e1s retrasados en reg\u00edmenes de licencias parentales&#8221;, dijo Fern\u00e1ndez al anunciar el env\u00edo al Congreso de un proyecto de ley para lograr en nuestro pa\u00eds un r\u00e9gimen de licencias parentales igualitarias.<\/p>\n<p>&#8220;Ampliaremos d\u00edas por maternidad, paternidad y adopci\u00f3n e incluiremos a trabajadores monotributistas y aut\u00f3nomos sin generar mayores erogaciones a los empleadores&#8221;, sentenci\u00f3.<\/p>\n<p>&nbsp;<\/p>\n<p><strong>Ley de Nano-biotecnolog\u00eda<\/strong><\/p>\n<p>El Presidente explic\u00f3 que el objetivo ser\u00e1 extender y superar a la actual ley de Biotecnolog\u00eda moderna.<\/p>\n<p>&nbsp;<\/p>\n<p><strong>Ley de Hidr\u00f3geno<\/strong><\/p>\n<p>Seg\u00fan el mandatario este proyecto buscar\u00e1 estimular y reglamentar el desarrollo &#8220;de esta actividad que es presente y es futuro, y donde Argentina aspira a presentarse en un lugar de liderazgo mundial&#8221;.<\/p>\n<p>&nbsp;<\/p>\n<p><strong>Ley del Sistema Nacional de Calidad<\/strong><\/p>\n<p>El Poder Ejecutivo buscar\u00e1 con esta iniciativa &#8220;dotar a nuestra producci\u00f3n de mayor autonom\u00eda, control y desarrollo que permita evitar los frecuentes casos en que Argentina no puede exportar productos de clase mundial&#8221;.<\/p>\n<p>Adem\u00e1s, Alberto Fern\u00e1ndez pidi\u00f3 al Congreso avanzar en la agenda legislativa propuesta en 2021 y mencion\u00f3 los siguientes proyectos, a\u00fan sin aprobaci\u00f3n:<\/p>\n<p>-El desarrollo del cannabis para uso medicinal y c\u00e1\u00f1amo industrial.<\/p>\n<p>-La ley de inversiones automotrices.<\/p>\n<p>-La Ley de electromovilidad.<\/p>\n<p>-La Ley agro bio industrial.<\/p>\n<p>-La Ley de Compre Argentino.<\/p>\n<p>-La Ley de desarrollo hidrocarbur\u00edfero.<\/p>\n","protected":false},"excerpt":{"rendered":"<p>El Presidente anunci\u00f3 ayer un Plan de Empleo Joven, licencias parentales igualitarias, un Plan Argentino de Ciencia y Tecnolog\u00eda 2030 y una iniciativa que proteja los derechos de las personas con discapacidad, entre otras iniciativas legislativas &nbsp; &nbsp; El presidente Alberto Fern\u00e1ndez anunci\u00f3 este martes durante la Asamblea Legislativa los proyectos de ley que el Poder Ejecutivo enviar\u00e1 al Congreso durante el 2022 para que sean analizados por los legisladores de ambas C\u00e1maras. &nbsp; Los proyectos\u00a0 Ley de Empleo Joven El mandatario indic\u00f3 que el &#8220;empleo formal se viene recuperando&#8230;<\/p>\n","protected":false},"author":3,"featured_media":82913,"comment_status":"closed","ping_status":"closed","sticky":false,"template":"","format":"standard","meta":[],"categories":[9],"tags":[],"_links":{"self":[{"href":"https:\/\/www.actualidadadiario.com\/index.php\/wp-json\/wp\/v2\/posts\/82910"}],"collection":[{"href":"https:\/\/www.actualidadadiario.com\/index.php\/wp-json\/wp\/v2\/posts"}],"about":[{"href":"https:\/\/www.actualidadadiario.com\/index.php\/wp-json\/wp\/v2\/types\/post"}],"author":[{"embeddable":true,"href":"https:\/\/www.actualidadadiario.com\/index.php\/wp-json\/wp\/v2\/users\/3"}],"replies":[{"embeddable":true,"href":"https:\/\/www.actualidadadiario.com\/index.php\/wp-json\/wp\/v2\/comments?post=82910"}],"version-history":[{"count":1,"href":"https:\/\/www.actualidadadiario.com\/index.php\/wp-json\/wp\/v2\/posts\/82910\/revisions"}],"predecessor-version":[{"id":82914,"href":"https:\/\/www.actualidadadiario.com\/index.php\/wp-json\/wp\/v2\/posts\/82910\/revisions\/82914"}],"wp:featuredmedia":[{"embeddable":true,"href":"https:\/\/www.actualidadadiario.com\/index.php\/wp-json\/wp\/v2\/media\/82913"}],"wp:attachment":[{"href":"https:\/\/www.actualidadadiario.com\/index.php\/wp-json\/wp\/v2\/media?parent=82910"}],"wp:term":[{"taxonomy":"category","embeddable":true,"href":"https:\/\/www.actualidadadiario.com\/index.php\/wp-json\/wp\/v2\/categories?post=82910"},{"taxonomy":"post_tag","embeddable":true,"href":"https:\/\/www.actualidadadiario.com\/index.php\/wp-json\/wp\/v2\/tags?post=82910"}],"curies":[{"name":"wp","href":"https:\/\/api.w.org\/{rel}","templated":true}]}}