{"id":82902,"date":"2022-03-02T11:56:52","date_gmt":"2022-03-02T14:56:52","guid":{"rendered":"https:\/\/www.actualidadadiario.com\/?p=82902"},"modified":"2022-03-02T11:56:52","modified_gmt":"2022-03-02T14:56:52","slug":"tras-los-incendios-y-las-lluvias-en-corrientes-los-esteros-del-ibera-comienzan-a-recuperarse","status":"publish","type":"post","link":"https:\/\/www.actualidadadiario.com\/index.php\/2022\/03\/02\/tras-los-incendios-y-las-lluvias-en-corrientes-los-esteros-del-ibera-comienzan-a-recuperarse\/","title":{"rendered":"Tras los incendios y las lluvias en Corrientes, los Esteros del Iber\u00e1 comienzan a recuperarse"},"content":{"rendered":"<p style=\"text-align: center;\"><em><strong>Desde hace 70 d\u00edas Corrientes atraviesa la peor situaci\u00f3n en relaci\u00f3n a los incendios forestales. El fuego consumi\u00f3 el 11% de la provincia, pero una imagen que recorre las redes sociales gener\u00f3 la alegr\u00eda de muchos luego de las intensas lluvias que permitieron reducir los focos en un 80%<\/strong><\/em><\/p>\n<p>&nbsp;<\/p>\n<p>&nbsp;<\/p>\n<p>En la imagen se puede observar que en sectores de los Esteros del Iber\u00e1 crecieron flores en tierra quemada y arrasada por el fuego. Esto sin dudas es una alegr\u00eda para todos los ciudadanos de la provincia, ya que significa que, a pesar de los incendios devastadores, la tierra sigue firme y trata de recomponerse de manera natural.<\/p>\n<p>\u201c\u00a1La vida se abre camino! El fuego se ha ido y a solo un par de d\u00edas todo se llena de flores\u201d, celebr\u00f3 la coordinadora del Proyecto Iber\u00e1 de Rewilding Argentina. A su vez due\u00f1os de un hotel cercano a Pellegrini se\u00f1alaron que flores y pasto est\u00e1n creciendo en los alrededores y eso permite que los animales puedan alimentarse.<\/p>\n<p>Estas im\u00e1genes son gracias a la labor de los bomberos y brigadistas que trabajan d\u00eda y noche desde hace m\u00e1s de 70 d\u00edas para combatir los focos que por cuestiones clim\u00e1ticas se hab\u00edan complicado. Pero a su vez la llegada de la lluvia alivi\u00f3 el trabajo y permiti\u00f3 que solo queden focos activos en lugares ya controlados.<\/p>\n<p>El servicio meteorol\u00f3gico nacional confirm\u00f3 que se esperan tormentas fuertes con lluvias intensas y ocasional ca\u00edda de granizo para diversas zonas de las provincias de Corrientes y Misiones, provincia que tambi\u00e9n fue afectada por los incendios.<\/p>\n<p>A su vez un fen\u00f3meno sorprendi\u00f3 a los pueblerinos en las \u00faltimas horas al registrar y observar nubes negras y espesas. Desde el SMN informan que el mismo est\u00e1 relacionado con las cenizas del fuego y que con las r\u00e1fagas de viento se formaron grandes columnas que levantaban el polvo de la superficie. Este temporal de viento alcanz\u00f3 los 50 kil\u00f3metros por hora en algunas ciudades.<\/p>\n","protected":false},"excerpt":{"rendered":"<p>Desde hace 70 d\u00edas Corrientes atraviesa la peor situaci\u00f3n en relaci\u00f3n a los incendios forestales. El fuego consumi\u00f3 el 11% de la provincia, pero una imagen que recorre las redes sociales gener\u00f3 la alegr\u00eda de muchos luego de las intensas lluvias que permitieron reducir los focos en un 80% &nbsp; &nbsp; En la imagen se puede observar que en sectores de los Esteros del Iber\u00e1 crecieron flores en tierra quemada y arrasada por el fuego. Esto sin dudas es una alegr\u00eda para todos los ciudadanos de la provincia, ya que&#8230;<\/p>\n","protected":false},"author":3,"featured_media":82903,"comment_status":"closed","ping_status":"closed","sticky":false,"template":"","format":"standard","meta":[],"categories":[2],"tags":[],"_links":{"self":[{"href":"https:\/\/www.actualidadadiario.com\/index.php\/wp-json\/wp\/v2\/posts\/82902"}],"collection":[{"href":"https:\/\/www.actualidadadiario.com\/index.php\/wp-json\/wp\/v2\/posts"}],"about":[{"href":"https:\/\/www.actualidadadiario.com\/index.php\/wp-json\/wp\/v2\/types\/post"}],"author":[{"embeddable":true,"href":"https:\/\/www.actualidadadiario.com\/index.php\/wp-json\/wp\/v2\/users\/3"}],"replies":[{"embeddable":true,"href":"https:\/\/www.actualidadadiario.com\/index.php\/wp-json\/wp\/v2\/comments?post=82902"}],"version-history":[{"count":1,"href":"https:\/\/www.actualidadadiario.com\/index.php\/wp-json\/wp\/v2\/posts\/82902\/revisions"}],"predecessor-version":[{"id":82904,"href":"https:\/\/www.actualidadadiario.com\/index.php\/wp-json\/wp\/v2\/posts\/82902\/revisions\/82904"}],"wp:featuredmedia":[{"embeddable":true,"href":"https:\/\/www.actualidadadiario.com\/index.php\/wp-json\/wp\/v2\/media\/82903"}],"wp:attachment":[{"href":"https:\/\/www.actualidadadiario.com\/index.php\/wp-json\/wp\/v2\/media?parent=82902"}],"wp:term":[{"taxonomy":"category","embeddable":true,"href":"https:\/\/www.actualidadadiario.com\/index.php\/wp-json\/wp\/v2\/categories?post=82902"},{"taxonomy":"post_tag","embeddable":true,"href":"https:\/\/www.actualidadadiario.com\/index.php\/wp-json\/wp\/v2\/tags?post=82902"}],"curies":[{"name":"wp","href":"https:\/\/api.w.org\/{rel}","templated":true}]}}