{"id":82894,"date":"2022-03-02T11:53:01","date_gmt":"2022-03-02T14:53:01","guid":{"rendered":"https:\/\/www.actualidadadiario.com\/?p=82894"},"modified":"2022-03-02T11:53:42","modified_gmt":"2022-03-02T14:53:42","slug":"que-feriados-quedan-en-2022-y-cuanto-falta-para-el-proximo-finde-largo","status":"publish","type":"post","link":"https:\/\/www.actualidadadiario.com\/index.php\/2022\/03\/02\/que-feriados-quedan-en-2022-y-cuanto-falta-para-el-proximo-finde-largo\/","title":{"rendered":"Qu\u00e9 feriados quedan en 2022 y cu\u00e1nto falta para el pr\u00f3ximo finde largo"},"content":{"rendered":"<p style=\"text-align: center;\"><em><strong>El 24 de marzo ser\u00e1 el pr\u00f3ximo feriado. En abril llegar\u00e1 el fin de semana largo a mediados de mes<\/strong><\/em><\/p>\n<p>&nbsp;<\/p>\n<p>&nbsp;<\/p>\n<p>Marzo empez\u00f3 con un feriado inamovible, el 1 primero de marzo, como parte de los festejos por Carnaval. Pero no ser\u00e1 el \u00fanico del mes: el jueves 24 se celebrar\u00e1 el D\u00eda Nacional de la Memoria por la Verdad y la Justicia.<\/p>\n<p>En tanto, para el pr\u00f3ximo fin de semana largo habr\u00e1 que esperar un mes y medio, hasta Semana Santa con el viernes Santo que llegar\u00e1 el 15 de abril pr\u00f3ximo.<\/p>\n<p>&nbsp;<\/p>\n<p><strong>Feriados hasta mitad de a\u00f1o<\/strong><\/p>\n<p><strong>&gt; jueves 24 de marzo<\/strong> (D\u00eda Nacional de la Memoria por la Verdad y la Justicia).<\/p>\n<p><strong>&gt; s\u00e1bado 2 de abril<\/strong> (D\u00eda del Veterano y de los Ca\u00eddos en la Guerra de Malvinas)<\/p>\n<p><strong>&gt; viernes 15 de abril<\/strong> (Viernes Santo)<\/p>\n<p><strong>&gt; domingo 1\u00b0 de mayo<\/strong> (D\u00eda del Trabajador)<\/p>\n<p><strong>&gt; martes 25 de mayo<\/strong> (D\u00eda de la Revoluci\u00f3n de Mayo)<\/p>\n<p><strong>&gt; viernes 17 de junio<\/strong> (Paso a la Inmortalidad del General Don Mart\u00edn Miguel de G\u00fcemes)<\/p>\n<p><strong>&gt; lunes 20 de junio<\/strong> (Paso a la Inmortalidad del General Manuel Belgrano)<\/p>\n<p><strong>&gt; s\u00e1bado 9 de julio<\/strong> (D\u00eda de la Independencia)<\/p>\n<p>&nbsp;<\/p>\n<p><strong>Vacaciones de invierno<\/strong><\/p>\n<p>El receso escolar de dos semanas var\u00eda seg\u00fan la provincia:<\/p>\n<p>&gt; En CABA, Provincia de Buenos Aires, Jujuy, Santa Cruz y Tierra del Fuego, van del 18 al 29 de julio.<\/p>\n<p>&gt; En Catamarca, C\u00f3rdoba, Corrientes, Chaco, Chubut, Entre R\u00edos, Formosa, La Pampa, La Rioja, Misiones, Mendoza, Neuqu\u00e9n, Salta, San Juan, Santa Fe, Santiago del Estero y Tucum\u00e1n van del 11 al 22 de julio.<\/p>\n<p>&gt; En San Juan van de 4 al 15 de julio.<\/p>\n<p>&gt; Finalmente, en R\u00edo Negro son del 5 al 23 de julio.<\/p>\n<p>&nbsp;<\/p>\n<p><strong>Feriados en la segunda mitad de 2022<\/strong><\/p>\n<p>&gt; En octubre, a prop\u00f3sito del D\u00eda del Respeto a la Diversidad Cultural, se propone un fin de semana extra largo a partir del viernes 7 de octubre (feriado tur\u00edstico) al lunes 10 (feriado trasladado desde el tradicional 12).<\/p>\n<p>&gt; En noviembre, el D\u00eda de la Soberan\u00eda Nacional traslada su feriado del domingo 20 al lunes 21 por motivos tur\u00edsticos, lo que redunda en otro fin de semana largo.<\/p>\n<p>&gt; Antes de las Fiestas (que caen domingo) el D\u00eda de la Inmaculada Concepci\u00f3n es trasladado para otro fin de semana tur\u00edstico al viernes 9.<\/p>\n","protected":false},"excerpt":{"rendered":"<p>El 24 de marzo ser\u00e1 el pr\u00f3ximo feriado. En abril llegar\u00e1 el fin de semana largo a mediados de mes &nbsp; &nbsp; Marzo empez\u00f3 con un feriado inamovible, el 1 primero de marzo, como parte de los festejos por Carnaval. Pero no ser\u00e1 el \u00fanico del mes: el jueves 24 se celebrar\u00e1 el D\u00eda Nacional de la Memoria por la Verdad y la Justicia. En tanto, para el pr\u00f3ximo fin de semana largo habr\u00e1 que esperar un mes y medio, hasta Semana Santa con el viernes Santo que llegar\u00e1 el&#8230;<\/p>\n","protected":false},"author":3,"featured_media":69537,"comment_status":"closed","ping_status":"closed","sticky":false,"template":"","format":"standard","meta":[],"categories":[2],"tags":[],"_links":{"self":[{"href":"https:\/\/www.actualidadadiario.com\/index.php\/wp-json\/wp\/v2\/posts\/82894"}],"collection":[{"href":"https:\/\/www.actualidadadiario.com\/index.php\/wp-json\/wp\/v2\/posts"}],"about":[{"href":"https:\/\/www.actualidadadiario.com\/index.php\/wp-json\/wp\/v2\/types\/post"}],"author":[{"embeddable":true,"href":"https:\/\/www.actualidadadiario.com\/index.php\/wp-json\/wp\/v2\/users\/3"}],"replies":[{"embeddable":true,"href":"https:\/\/www.actualidadadiario.com\/index.php\/wp-json\/wp\/v2\/comments?post=82894"}],"version-history":[{"count":1,"href":"https:\/\/www.actualidadadiario.com\/index.php\/wp-json\/wp\/v2\/posts\/82894\/revisions"}],"predecessor-version":[{"id":82896,"href":"https:\/\/www.actualidadadiario.com\/index.php\/wp-json\/wp\/v2\/posts\/82894\/revisions\/82896"}],"wp:featuredmedia":[{"embeddable":true,"href":"https:\/\/www.actualidadadiario.com\/index.php\/wp-json\/wp\/v2\/media\/69537"}],"wp:attachment":[{"href":"https:\/\/www.actualidadadiario.com\/index.php\/wp-json\/wp\/v2\/media?parent=82894"}],"wp:term":[{"taxonomy":"category","embeddable":true,"href":"https:\/\/www.actualidadadiario.com\/index.php\/wp-json\/wp\/v2\/categories?post=82894"},{"taxonomy":"post_tag","embeddable":true,"href":"https:\/\/www.actualidadadiario.com\/index.php\/wp-json\/wp\/v2\/tags?post=82894"}],"curies":[{"name":"wp","href":"https:\/\/api.w.org\/{rel}","templated":true}]}}