{"id":82891,"date":"2022-03-02T11:51:17","date_gmt":"2022-03-02T14:51:17","guid":{"rendered":"https:\/\/www.actualidadadiario.com\/?p=82891"},"modified":"2022-03-02T11:51:17","modified_gmt":"2022-03-02T14:51:17","slug":"cerca-de-13-millones-de-estudiantes-comenzaron-el-ciclo-lectivo-en-22-provincias","status":"publish","type":"post","link":"https:\/\/www.actualidadadiario.com\/index.php\/2022\/03\/02\/cerca-de-13-millones-de-estudiantes-comenzaron-el-ciclo-lectivo-en-22-provincias\/","title":{"rendered":"Cerca de 13 millones de estudiantes comenzaron el ciclo lectivo en 22 provincias"},"content":{"rendered":"<p style=\"text-align: center;\"><em><strong>El inicio de este nuevo ciclo se centra en la \u201cpresencialidad plena y segura\u201d con la aplicaci\u00f3n del protocolo &#8220;Aula cuidada y segura&#8221; y con el desaf\u00edo de promover la \u201crevinculaci\u00f3n\u201d de los j\u00f3venes que perdieron contacto con la escuela durante la pandemia<\/strong><\/em><\/p>\n<p>&nbsp;<\/p>\n<p>&nbsp;<\/p>\n<p>Unos 13 millones de estudiantes de 22 provincias volvieron este mi\u00e9rcoles a clases en el inicio de un nuevo ciclo lectivo con \u201cpresencialidad plena y segura\u201d y con el desaf\u00edo de promover la \u201crevinculaci\u00f3n\u201d de los j\u00f3venes que perdieron contacto con la escuela durante la pandemia.<\/p>\n<p>El presidente Alberto Fern\u00e1ndez encabezar\u00e1 a partir de las 10 el acto de inauguraci\u00f3n del ciclo lectivo 2022 en una en la Escuela Normal Primaria &#8220;Doctor Pedro Ignacio de Castro Barros&#8221;, de la capital de la provincia de La Rioja.<\/p>\n<p>Al inaugurar este martes el 140 periodo de sesiones ordinarias del Congreso, el jefe de Estado sostuvo que este ciclo lectivo ser\u00e1 &#8220;reparador, con 190 d\u00edas de clase, con presencialidad plena, segura y continua&#8221;.<\/p>\n<p>Por su parte, el ministro de Educaci\u00f3n, Jaime Perczyk, encabezar\u00e1 a partir de las 14 una ceremonia de inicio de clases en el Centro Educativo Multinivel N\u00b02 \u201cValle Chico\u201d, en Catamarca.<\/p>\n<p>En total, son 12,8 millones los alumnos convocados en este ciclo lectivo, que concurrir\u00e1n a 75.439 escuelas -el 76,6% de gesti\u00f3n estatal-, donde los esperar\u00e1n 953.275 docentes, seg\u00fan refleja el Observatorio Educativo y Social Datos Pa\u00eds de la Universidad Pedag\u00f3gica Nacional (Unipe) con datos del anuario estad\u00edstico de 2020 del Ministerio de Educaci\u00f3n nacional.<\/p>\n<p>De este total, 1.807.986 son de nivel inicial; 4.859.105, de nivel primario; y 3.904.519, de nivel secundario, una suma de 10.571.610, y el resto, del SNU (Sistema No Universitario).<\/p>\n<p>Los \u00fanicos dos distritos que ya comenzaron las clases el 21 de febrero son Mendoza y la Ciudad de Buenos Aires, aunque en este \u00faltimo caso se dar\u00e1 comienzo hoy al ciclo en el nivel secundario.<\/p>\n<p>Para acompa\u00f1ar el inicio del ciclo lectivo, el Ministerio de Cultura convoc\u00f3 a destacados artistas populares como el Chango Spasiuk, Pedro Aznar, Fabiana Cantilo, Nahuel Penissi, el Polaco, Joaqu\u00edn Levinton, Juan Carlos Baglietto, Zoe Gotusso, Francisco Ben\u00edtez, Peteco Carabajal, para entonar el Himno Nacional Argentino en escuelas de Buenos Aires, Chaco, C\u00f3rdoba, La Rioja y Tucum\u00e1n.<\/p>\n","protected":false},"excerpt":{"rendered":"<p>El inicio de este nuevo ciclo se centra en la \u201cpresencialidad plena y segura\u201d con la aplicaci\u00f3n del protocolo &#8220;Aula cuidada y segura&#8221; y con el desaf\u00edo de promover la \u201crevinculaci\u00f3n\u201d de los j\u00f3venes que perdieron contacto con la escuela durante la pandemia &nbsp; &nbsp; Unos 13 millones de estudiantes de 22 provincias volvieron este mi\u00e9rcoles a clases en el inicio de un nuevo ciclo lectivo con \u201cpresencialidad plena y segura\u201d y con el desaf\u00edo de promover la \u201crevinculaci\u00f3n\u201d de los j\u00f3venes que perdieron contacto con la escuela durante la&#8230;<\/p>\n","protected":false},"author":3,"featured_media":82102,"comment_status":"closed","ping_status":"closed","sticky":false,"template":"","format":"standard","meta":[],"categories":[9],"tags":[],"_links":{"self":[{"href":"https:\/\/www.actualidadadiario.com\/index.php\/wp-json\/wp\/v2\/posts\/82891"}],"collection":[{"href":"https:\/\/www.actualidadadiario.com\/index.php\/wp-json\/wp\/v2\/posts"}],"about":[{"href":"https:\/\/www.actualidadadiario.com\/index.php\/wp-json\/wp\/v2\/types\/post"}],"author":[{"embeddable":true,"href":"https:\/\/www.actualidadadiario.com\/index.php\/wp-json\/wp\/v2\/users\/3"}],"replies":[{"embeddable":true,"href":"https:\/\/www.actualidadadiario.com\/index.php\/wp-json\/wp\/v2\/comments?post=82891"}],"version-history":[{"count":2,"href":"https:\/\/www.actualidadadiario.com\/index.php\/wp-json\/wp\/v2\/posts\/82891\/revisions"}],"predecessor-version":[{"id":82893,"href":"https:\/\/www.actualidadadiario.com\/index.php\/wp-json\/wp\/v2\/posts\/82891\/revisions\/82893"}],"wp:featuredmedia":[{"embeddable":true,"href":"https:\/\/www.actualidadadiario.com\/index.php\/wp-json\/wp\/v2\/media\/82102"}],"wp:attachment":[{"href":"https:\/\/www.actualidadadiario.com\/index.php\/wp-json\/wp\/v2\/media?parent=82891"}],"wp:term":[{"taxonomy":"category","embeddable":true,"href":"https:\/\/www.actualidadadiario.com\/index.php\/wp-json\/wp\/v2\/categories?post=82891"},{"taxonomy":"post_tag","embeddable":true,"href":"https:\/\/www.actualidadadiario.com\/index.php\/wp-json\/wp\/v2\/tags?post=82891"}],"curies":[{"name":"wp","href":"https:\/\/api.w.org\/{rel}","templated":true}]}}