{"id":8289,"date":"2017-03-10T10:56:21","date_gmt":"2017-03-10T13:56:21","guid":{"rendered":"http:\/\/actualidadadiario.com\/site\/?p=8289"},"modified":"2017-03-10T10:56:21","modified_gmt":"2017-03-10T13:56:21","slug":"tras-las-peleas-internas-en-afa-tapia-suma-a-donofrio-y-tinelli-a-su-lista","status":"publish","type":"post","link":"https:\/\/www.actualidadadiario.com\/index.php\/2017\/03\/10\/tras-las-peleas-internas-en-afa-tapia-suma-a-donofrio-y-tinelli-a-su-lista\/","title":{"rendered":"Tras las peleas internas en AFA, Tapia suma a D&#8217;Onofrio y Tinelli a su lista"},"content":{"rendered":"<p><em><strong>Dentro de un contexto repleto de rumores y acusaciones cruzadas, el presidente de Barracas Central y \u00fanico candidato a la presidencia de AFA, Claudio &#8220;Chiqui&#8221; Tapia, incluir\u00eda a River y San Lorenzo dentro de su estructura pol\u00edtica, para poder celebrar la votaci\u00f3n el pr\u00f3ximo 29 de marzo, tal como estaba pautado<\/strong><\/em><\/p>\n<p>&nbsp;<\/p>\n<p>&nbsp;<\/p>\n<p>&nbsp;<\/p>\n<p>&nbsp;<\/p>\n<p>&nbsp;<\/p>\n<p>&nbsp;<\/p>\n<p>Tapia le habr\u00eda ofrecido a Rodolfo D\u00b4Onofrio una de las tres vicepresidencias de AFA, mientras que Marcelo Tinelli se ubicar\u00eda al frente de la Superliga y a cargo de la Selecci\u00f3n argentina.<\/p>\n<p>&nbsp;<\/p>\n<p>&#8220;En un 95 por ciento, a Marcelo Tinelli le ofrecer\u00edan Superliga y Selecci\u00f3n. Al resto se le ofrecen cargos para que est\u00e9n representados, no por otra cosa&#8221;, explic\u00f3 un dirigente importante del lado &#8220;tinellista&#8221;.<\/p>\n<p>&nbsp;<\/p>\n<p>Esas fueron las \u00faltimas novedades de este jueves, luego de la reuni\u00f3n de la Comisi\u00f3n Audiovisual, que tiene a Tapia, D\u00b4Onofrio y Tinelli como integrantes, y busca decidir qu\u00e9 empresa privada se quedar\u00e1 con los derechos televisivos del f\u00fatbol argentino.<\/p>\n<p>&nbsp;<\/p>\n<p>Tapia estuvo este jueves por la tarde junto a Pablo Toviggino en la sede de calle Viamonte y al retirarse, cerca de las 19, ratificaron la fecha del 29 de marzo para las elecciones.<\/p>\n<p>&nbsp;<\/p>\n<p>Fue un d\u00eda de llamadas cruzadas por la disputa por el art\u00edculo 87, a partir del pedido de seis clubes (River, San Lorenzo, Talleres de C\u00f3rdoba, Atl\u00e9tico Tucum\u00e1n y Newell&#8217;s) de llamar a Asamblea y retrotraer lo que ya se hab\u00eda modificado, para redactarlo a la medida de FIFA y Conmebol.<\/p>\n<p>&nbsp;<\/p>\n<p>Esa nueva asamblea postergar\u00eda autom\u00e1ticamente para mediados de mayo la elecci\u00f3n, donde cumplido el plazo de presentaci\u00f3n el mi\u00e9rcoles a las 20, solo se hab\u00eda postulado Claudio Tapia.<\/p>\n<p>&nbsp;<\/p>\n<p>Sin embargo, en Zurich recordaron que para toda modificaci\u00f3n al estatuto (a solicitud de los clubes) hay que respetar el estatuto reformado, cuyo art\u00edculo 31 establece dos escenarios para llamar a asamblea extraordinaria.<\/p>\n<p>&nbsp;<\/p>\n<p>Uno es que la solicite 50 por ciento de los asamble\u00edstas (apenas seis clubes lo hicieron, y son 22 los requeridos); otro, que la convoque el Comit\u00e9 Ejecutivo, pero ese \u00f3rgano est\u00e1 suspendido y lo suple el Comit\u00e9 de Regularizaci\u00f3n.<\/p>\n<p>&nbsp;<\/p>\n<p>&#8220;Es competencia de la Comisi\u00f3n de Regularizaci\u00f3n dar cumplimiento de los estatutos vigentes de la AFA en lo que respecta a la modificaci\u00f3n de los estatutos&#8221;, firm\u00f3 Monserrat Jim\u00e9nez, directora general interina de la entidad sudamericana.<\/p>\n","protected":false},"excerpt":{"rendered":"<p>Dentro de un contexto repleto de rumores y acusaciones cruzadas, el presidente de Barracas Central y \u00fanico candidato a la presidencia de AFA, Claudio &#8220;Chiqui&#8221; Tapia, incluir\u00eda a River y San Lorenzo dentro de su estructura pol\u00edtica, para poder celebrar la votaci\u00f3n el pr\u00f3ximo 29 de marzo, tal como estaba pautado &nbsp; &nbsp; &nbsp; &nbsp; &nbsp; &nbsp; Tapia le habr\u00eda ofrecido a Rodolfo D\u00b4Onofrio una de las tres vicepresidencias de AFA, mientras que Marcelo Tinelli se ubicar\u00eda al frente de la Superliga y a cargo de la Selecci\u00f3n argentina. &nbsp;&#8230;<\/p>\n","protected":false},"author":3,"featured_media":8290,"comment_status":"closed","ping_status":"closed","sticky":false,"template":"","format":"standard","meta":[],"categories":[4],"tags":[],"_links":{"self":[{"href":"https:\/\/www.actualidadadiario.com\/index.php\/wp-json\/wp\/v2\/posts\/8289"}],"collection":[{"href":"https:\/\/www.actualidadadiario.com\/index.php\/wp-json\/wp\/v2\/posts"}],"about":[{"href":"https:\/\/www.actualidadadiario.com\/index.php\/wp-json\/wp\/v2\/types\/post"}],"author":[{"embeddable":true,"href":"https:\/\/www.actualidadadiario.com\/index.php\/wp-json\/wp\/v2\/users\/3"}],"replies":[{"embeddable":true,"href":"https:\/\/www.actualidadadiario.com\/index.php\/wp-json\/wp\/v2\/comments?post=8289"}],"version-history":[{"count":1,"href":"https:\/\/www.actualidadadiario.com\/index.php\/wp-json\/wp\/v2\/posts\/8289\/revisions"}],"predecessor-version":[{"id":8291,"href":"https:\/\/www.actualidadadiario.com\/index.php\/wp-json\/wp\/v2\/posts\/8289\/revisions\/8291"}],"wp:featuredmedia":[{"embeddable":true,"href":"https:\/\/www.actualidadadiario.com\/index.php\/wp-json\/wp\/v2\/media\/8290"}],"wp:attachment":[{"href":"https:\/\/www.actualidadadiario.com\/index.php\/wp-json\/wp\/v2\/media?parent=8289"}],"wp:term":[{"taxonomy":"category","embeddable":true,"href":"https:\/\/www.actualidadadiario.com\/index.php\/wp-json\/wp\/v2\/categories?post=8289"},{"taxonomy":"post_tag","embeddable":true,"href":"https:\/\/www.actualidadadiario.com\/index.php\/wp-json\/wp\/v2\/tags?post=8289"}],"curies":[{"name":"wp","href":"https:\/\/api.w.org\/{rel}","templated":true}]}}