{"id":82886,"date":"2022-02-28T12:14:45","date_gmt":"2022-02-28T15:14:45","guid":{"rendered":"https:\/\/www.actualidadadiario.com\/?p=82886"},"modified":"2022-02-28T12:14:45","modified_gmt":"2022-02-28T15:14:45","slug":"anses-atendera-esta-semana-en-villa-del-rosario-y-santa-ana","status":"publish","type":"post","link":"https:\/\/www.actualidadadiario.com\/index.php\/2022\/02\/28\/anses-atendera-esta-semana-en-villa-del-rosario-y-santa-ana\/","title":{"rendered":"Anses atender\u00e1 esta semana en Villa del Rosario y Santa Ana"},"content":{"rendered":"<p style=\"text-align: center;\"><em><strong>El punto de contacto de ANSES inform\u00f3 que atender\u00e1 en Villa del Rosario el mi\u00e9rcoles 2 de marzo Lo har\u00e1 en el Centro Cultural de esa localidad, de 8 a 12 horas<\/strong><\/em><\/p>\n<p>&nbsp;<\/p>\n<p>&nbsp;<\/p>\n<p>Los interesados ya pueden pasar a retirar su turno en mesa de entrada del municipio municipal, de 7 a 12 horas.<\/p>\n<p>&nbsp;<\/p>\n<p><strong>En Santa Ana<\/strong><\/p>\n<p>Anses brindar\u00e1 atenci\u00f3n el jueves 3 de marzo, de 8 a 13 horas.<\/p>\n<p>La atenci\u00f3n ser\u00e1 con turnos previos, por este motivo los interesados deber\u00e1n inscribirse en la oficina de la Direcci\u00f3n de Acci\u00f3n Social, ubicada en el NIDO en el horario de 7 a 13.<\/p>\n","protected":false},"excerpt":{"rendered":"<p>El punto de contacto de ANSES inform\u00f3 que atender\u00e1 en Villa del Rosario el mi\u00e9rcoles 2 de marzo Lo har\u00e1 en el Centro Cultural de esa localidad, de 8 a 12 horas &nbsp; &nbsp; Los interesados ya pueden pasar a retirar su turno en mesa de entrada del municipio municipal, de 7 a 12 horas. &nbsp; En Santa Ana Anses brindar\u00e1 atenci\u00f3n el jueves 3 de marzo, de 8 a 13 horas. La atenci\u00f3n ser\u00e1 con turnos previos, por este motivo los interesados deber\u00e1n inscribirse en la oficina de la&#8230;<\/p>\n","protected":false},"author":3,"featured_media":82887,"comment_status":"closed","ping_status":"closed","sticky":false,"template":"","format":"standard","meta":[],"categories":[15],"tags":[],"_links":{"self":[{"href":"https:\/\/www.actualidadadiario.com\/index.php\/wp-json\/wp\/v2\/posts\/82886"}],"collection":[{"href":"https:\/\/www.actualidadadiario.com\/index.php\/wp-json\/wp\/v2\/posts"}],"about":[{"href":"https:\/\/www.actualidadadiario.com\/index.php\/wp-json\/wp\/v2\/types\/post"}],"author":[{"embeddable":true,"href":"https:\/\/www.actualidadadiario.com\/index.php\/wp-json\/wp\/v2\/users\/3"}],"replies":[{"embeddable":true,"href":"https:\/\/www.actualidadadiario.com\/index.php\/wp-json\/wp\/v2\/comments?post=82886"}],"version-history":[{"count":2,"href":"https:\/\/www.actualidadadiario.com\/index.php\/wp-json\/wp\/v2\/posts\/82886\/revisions"}],"predecessor-version":[{"id":82889,"href":"https:\/\/www.actualidadadiario.com\/index.php\/wp-json\/wp\/v2\/posts\/82886\/revisions\/82889"}],"wp:featuredmedia":[{"embeddable":true,"href":"https:\/\/www.actualidadadiario.com\/index.php\/wp-json\/wp\/v2\/media\/82887"}],"wp:attachment":[{"href":"https:\/\/www.actualidadadiario.com\/index.php\/wp-json\/wp\/v2\/media?parent=82886"}],"wp:term":[{"taxonomy":"category","embeddable":true,"href":"https:\/\/www.actualidadadiario.com\/index.php\/wp-json\/wp\/v2\/categories?post=82886"},{"taxonomy":"post_tag","embeddable":true,"href":"https:\/\/www.actualidadadiario.com\/index.php\/wp-json\/wp\/v2\/tags?post=82886"}],"curies":[{"name":"wp","href":"https:\/\/api.w.org\/{rel}","templated":true}]}}