{"id":82883,"date":"2022-02-28T12:13:50","date_gmt":"2022-02-28T15:13:50","guid":{"rendered":"https:\/\/www.actualidadadiario.com\/?p=82883"},"modified":"2022-02-28T12:13:50","modified_gmt":"2022-02-28T15:13:50","slug":"encontraron-el-cuerpo-del-joven-desaparecido-en-las-aguas-del-rio-uruguay","status":"publish","type":"post","link":"https:\/\/www.actualidadadiario.com\/index.php\/2022\/02\/28\/encontraron-el-cuerpo-del-joven-desaparecido-en-las-aguas-del-rio-uruguay\/","title":{"rendered":"Encontraron el cuerpo del joven desaparecido en las aguas del r\u00edo Uruguay"},"content":{"rendered":"<p style=\"text-align: center;\"><em><strong>Hallaron el cuerpo del joven que se ahog\u00f3 este domingo en la zona del camping de Santa Ana. &#8220;Los chicos hab\u00edan viajado a Bariloche y se reencontraron para pasar el fin de semana, pero todo termin\u00f3 en esta tragedia\u201d, lament\u00f3 el intendente<\/strong><\/em><\/p>\n<p>&nbsp;<\/p>\n<p>&nbsp;<\/p>\n<p>Encontraron el cuerpo del joven de San Jaime de la Frontera que se ahog\u00f3 este domingo en el r\u00edo Uruguay, m\u00e1s precisamente en Playa 52, frente al parador N\u00b01 del camping de la localidad de Santa Ana (departamento Federaci\u00f3n). El hallazgo se produjo pasadas las 7 de la ma\u00f1ana de este lunes, luego de la intensa b\u00fasqueda realizada por Prefectura.<\/p>\n<p>La informaci\u00f3n fue confirmada por el intendente de San Jaime, Antonio Rodr\u00edguez, que viaj\u00f3 hacia Santa Ana, este lunes por la ma\u00f1ana: &#8220;Encontraron el cuerpo de este joven, pasadas las 7 de la ma\u00f1ana&#8221;, dijo al confirmar el peor desenlace.<\/p>\n<p>Seg\u00fan se supo, el joven estaba acompa\u00f1ado por otros. &#8220;Los chicos hab\u00edan ido a Bariloche junto con gente de Santa Ana, Villa del Rosario y Monte Caseros, adem\u00e1s de otros lugares; se reencontraron para pasar el fin de semana y todo termin\u00f3 en esta tragedia&#8221;, agreg\u00f3 Rodr\u00edguez.<\/p>\n<p>Cabe mencionar que la misma noticia fue corroborada por el jefe de la Departamental policial de Federaci\u00f3n, Luis Pereyra.<\/p>\n<p>El cuerpo fue trasladado a la morgue del hospital Santa Rosa y posteriormente a la morgue judicial de Concordia para realizar autopsia correspondiente.<\/p>\n","protected":false},"excerpt":{"rendered":"<p>Hallaron el cuerpo del joven que se ahog\u00f3 este domingo en la zona del camping de Santa Ana. &#8220;Los chicos hab\u00edan viajado a Bariloche y se reencontraron para pasar el fin de semana, pero todo termin\u00f3 en esta tragedia\u201d, lament\u00f3 el intendente &nbsp; &nbsp; Encontraron el cuerpo del joven de San Jaime de la Frontera que se ahog\u00f3 este domingo en el r\u00edo Uruguay, m\u00e1s precisamente en Playa 52, frente al parador N\u00b01 del camping de la localidad de Santa Ana (departamento Federaci\u00f3n). El hallazgo se produjo pasadas las 7&#8230;<\/p>\n","protected":false},"author":3,"featured_media":82884,"comment_status":"closed","ping_status":"closed","sticky":false,"template":"","format":"standard","meta":[],"categories":[15],"tags":[],"_links":{"self":[{"href":"https:\/\/www.actualidadadiario.com\/index.php\/wp-json\/wp\/v2\/posts\/82883"}],"collection":[{"href":"https:\/\/www.actualidadadiario.com\/index.php\/wp-json\/wp\/v2\/posts"}],"about":[{"href":"https:\/\/www.actualidadadiario.com\/index.php\/wp-json\/wp\/v2\/types\/post"}],"author":[{"embeddable":true,"href":"https:\/\/www.actualidadadiario.com\/index.php\/wp-json\/wp\/v2\/users\/3"}],"replies":[{"embeddable":true,"href":"https:\/\/www.actualidadadiario.com\/index.php\/wp-json\/wp\/v2\/comments?post=82883"}],"version-history":[{"count":1,"href":"https:\/\/www.actualidadadiario.com\/index.php\/wp-json\/wp\/v2\/posts\/82883\/revisions"}],"predecessor-version":[{"id":82885,"href":"https:\/\/www.actualidadadiario.com\/index.php\/wp-json\/wp\/v2\/posts\/82883\/revisions\/82885"}],"wp:featuredmedia":[{"embeddable":true,"href":"https:\/\/www.actualidadadiario.com\/index.php\/wp-json\/wp\/v2\/media\/82884"}],"wp:attachment":[{"href":"https:\/\/www.actualidadadiario.com\/index.php\/wp-json\/wp\/v2\/media?parent=82883"}],"wp:term":[{"taxonomy":"category","embeddable":true,"href":"https:\/\/www.actualidadadiario.com\/index.php\/wp-json\/wp\/v2\/categories?post=82883"},{"taxonomy":"post_tag","embeddable":true,"href":"https:\/\/www.actualidadadiario.com\/index.php\/wp-json\/wp\/v2\/tags?post=82883"}],"curies":[{"name":"wp","href":"https:\/\/api.w.org\/{rel}","templated":true}]}}