{"id":82878,"date":"2022-02-28T12:09:06","date_gmt":"2022-02-28T15:09:06","guid":{"rendered":"https:\/\/www.actualidadadiario.com\/?p=82878"},"modified":"2022-02-28T12:09:06","modified_gmt":"2022-02-28T15:09:06","slug":"desde-agmer-afirman-que-el-conflicto-salarial-docente-no-esta-terminado-ni-cerrado","status":"publish","type":"post","link":"https:\/\/www.actualidadadiario.com\/index.php\/2022\/02\/28\/desde-agmer-afirman-que-el-conflicto-salarial-docente-no-esta-terminado-ni-cerrado\/","title":{"rendered":"Desde AGMER afirman que \u201cel conflicto salarial docente no est\u00e1 terminado ni cerrado\u201d"},"content":{"rendered":"<p style=\"text-align: center;\"><em><strong>Luego que desde el gobierno de la provincia informara que el ciclo lectivo empieza sin medidas de fuerza en Entre R\u00edos, desde el principal gremio docente salieron a responder con un comunicado<\/strong><\/em><\/p>\n<p>&nbsp;<\/p>\n<p>&nbsp;<\/p>\n<p>El texto rubricado por la Comisi\u00f3n Directiva de AGMER comienza se\u00f1alando que \u201cante informaci\u00f3n inexacta y mendaz enviada a algunos medios de comunicaci\u00f3n en las \u00faltimas horas, luego de realizarse el tercer encuentro paritario llevado adelante este medio d\u00eda, desde la Comisi\u00f3n Directiva Central de AGMER manifestamos a las trabajadoras y trabajadores de la educaci\u00f3n, nuestras comunidades educativas y a la sociedad que se encuentra plenamente las resoluciones que por voluntad mayoritaria fueran aprobadas en el CXCV Congreso de la entidad realizado en Col\u00f3n el 25 de febrero del corriente\u201d.<\/p>\n<p>Se apunta que en ese encuentro \u201clas definiciones fueron claras y contundentes. Se rechaz\u00f3 la propuesta salarial presentada por el gobierno el d\u00eda 22 de febrero con un Plan de Acci\u00f3n que incluye una huelga de 48hs y frente a la llegada de una C\u00e9dula de notificaci\u00f3n a nueva reuni\u00f3n paritaria este s\u00e1bado, la aprobaci\u00f3n de una contrapropuesta que contiene las principales demandas surgidas de las asambleas departamentales, la demanda al Ejecutivo para sentarse en una nueva mesa de discusi\u00f3n paritaria para que d\u00e9 respuestas mejorando la propuesta salarial, de lo contrario ejecutar los paros previstos como parte del Plan de Acci\u00f3n\u201d.<\/p>\n<p>Se subraya que la Comisi\u00f3n Directiva Central de AGMER \u201clleva adelante el programa de acci\u00f3n aprobado por el Congreso de nuestra entidad (m\u00e1ximo \u00f3rgano soberano, donde reside la democracia sindical) y present\u00f3 las demandas all\u00ed aprobadas a la patronal. En respuesta el gobierno manifest\u00f3 su voluntad de continuar las negociaciones en la Mesa Paritaria Salarial, concretada en el d\u00eda de la fecha. Lo trabajado en dicho espacio paritario tambi\u00e9n fue comunicado desde la CDC de AGMER inmediatamente concluido el encuentro\u201d.<\/p>\n<p>Por lo tanto, \u201cRATIFICAMOS la continuidad plena del programa de acci\u00f3n de nuestro CXCV Congreso y ser\u00e1n las compa\u00f1eras y compa\u00f1eros trabajadoras y trabajadores de la educaci\u00f3n de Entre R\u00edos quienes debatir\u00e1n, evaluar\u00e1n y establecer\u00e1n conclusiones y mandatar\u00e1n en asambleas escolares este d\u00eda mi\u00e9rcoles 2\/3 y luego resolutivas a los congresales para darle continuidad al Congreso Extraordinario que se realizar\u00e1 el d\u00eda 3 de marzo en San Salvador\u201d.<\/p>\n<p>En el comunicado insisten en que \u201ca esta Conducci\u00f3n Directiva Central, que es la s\u00edntesis de un espacio de encuentro de distintos sectores gremiales que hist\u00f3ricamente venimos batallando por la defensa de los derechos de las y los trabajadores y trabajadoras, no le corresponde ni interesa adjetivar positiva o negativamente a ning\u00fan gobierno, sea cual fuere\u201d.<\/p>\n<p>Se se\u00f1ala tambi\u00e9n que \u201cAGMER es una organizaci\u00f3n sindical, no un partido pol\u00edtico. Por lo tanto, su raz\u00f3n de ser y su responsabilidad como actor social es disputar por una mayor distribuci\u00f3n de la riqueza, a favor de los trabajadores y trabajadoras, e ir por la conquista de mayores derechos sociales y laborales. Convocamos, en este particular momento delicado en el que estamos a mantenernos cada vez m\u00e1s unidos, dando todos los debates fretarnos de haya que dar, es resguard\u00e1ndonos en lo colectivo, donde siempre encontramos el aliento, la alegr\u00eda y la firmeza de luchar para superar las coyunturas adversas, y no en el ejercicio del malestar y la derrota permanente\u201d.<\/p>\n","protected":false},"excerpt":{"rendered":"<p>Luego que desde el gobierno de la provincia informara que el ciclo lectivo empieza sin medidas de fuerza en Entre R\u00edos, desde el principal gremio docente salieron a responder con un comunicado &nbsp; &nbsp; El texto rubricado por la Comisi\u00f3n Directiva de AGMER comienza se\u00f1alando que \u201cante informaci\u00f3n inexacta y mendaz enviada a algunos medios de comunicaci\u00f3n en las \u00faltimas horas, luego de realizarse el tercer encuentro paritario llevado adelante este medio d\u00eda, desde la Comisi\u00f3n Directiva Central de AGMER manifestamos a las trabajadoras y trabajadores de la educaci\u00f3n, nuestras&#8230;<\/p>\n","protected":false},"author":3,"featured_media":20804,"comment_status":"closed","ping_status":"closed","sticky":false,"template":"","format":"standard","meta":[],"categories":[15],"tags":[],"_links":{"self":[{"href":"https:\/\/www.actualidadadiario.com\/index.php\/wp-json\/wp\/v2\/posts\/82878"}],"collection":[{"href":"https:\/\/www.actualidadadiario.com\/index.php\/wp-json\/wp\/v2\/posts"}],"about":[{"href":"https:\/\/www.actualidadadiario.com\/index.php\/wp-json\/wp\/v2\/types\/post"}],"author":[{"embeddable":true,"href":"https:\/\/www.actualidadadiario.com\/index.php\/wp-json\/wp\/v2\/users\/3"}],"replies":[{"embeddable":true,"href":"https:\/\/www.actualidadadiario.com\/index.php\/wp-json\/wp\/v2\/comments?post=82878"}],"version-history":[{"count":1,"href":"https:\/\/www.actualidadadiario.com\/index.php\/wp-json\/wp\/v2\/posts\/82878\/revisions"}],"predecessor-version":[{"id":82879,"href":"https:\/\/www.actualidadadiario.com\/index.php\/wp-json\/wp\/v2\/posts\/82878\/revisions\/82879"}],"wp:featuredmedia":[{"embeddable":true,"href":"https:\/\/www.actualidadadiario.com\/index.php\/wp-json\/wp\/v2\/media\/20804"}],"wp:attachment":[{"href":"https:\/\/www.actualidadadiario.com\/index.php\/wp-json\/wp\/v2\/media?parent=82878"}],"wp:term":[{"taxonomy":"category","embeddable":true,"href":"https:\/\/www.actualidadadiario.com\/index.php\/wp-json\/wp\/v2\/categories?post=82878"},{"taxonomy":"post_tag","embeddable":true,"href":"https:\/\/www.actualidadadiario.com\/index.php\/wp-json\/wp\/v2\/tags?post=82878"}],"curies":[{"name":"wp","href":"https:\/\/api.w.org\/{rel}","templated":true}]}}