{"id":82875,"date":"2022-02-28T12:08:13","date_gmt":"2022-02-28T15:08:13","guid":{"rendered":"https:\/\/www.actualidadadiario.com\/?p=82875"},"modified":"2022-02-28T12:08:13","modified_gmt":"2022-02-28T15:08:13","slug":"el-titular-de-vialidad-nacional-en-entre-rios-sostuvo-si-frigerio-no-puede-dejar-de-mentir-al-menos-que-no-sea-hipocrita","status":"publish","type":"post","link":"https:\/\/www.actualidadadiario.com\/index.php\/2022\/02\/28\/el-titular-de-vialidad-nacional-en-entre-rios-sostuvo-si-frigerio-no-puede-dejar-de-mentir-al-menos-que-no-sea-hipocrita\/","title":{"rendered":"El titular de Vialidad Nacional en Entre R\u00edos sostuvo: \u201cSi Frigerio no puede dejar de mentir, al menos que no sea hip\u00f3crita\u201d"},"content":{"rendered":"<p style=\"text-align: center;\"><em><strong>El titular del Distrito Entre R\u00edos de Vialidad Nacional, Daniel Koch sali\u00f3 al cruce de las recientes declaraciones del diputado nacional macrista, quien cuestion\u00f3 el estado de los caminos entrerrianos<\/strong><\/em><\/p>\n<p>&nbsp;<\/p>\n<p>&nbsp;<\/p>\n<p>\u201cSi hay una persona que tuvo oportunidad de mejorar los caminos y las rutas de Entre R\u00edos durante el gobierno de Macri fue Frigerio, el ministro que mayor responsabilidad ten\u00eda en estos temas; pero encima que no hizo nada entonces hoy viene a cuestionar a los que s\u00ed estamos haciendo\u201d, fustig\u00f3 el funcionario nacional.<\/p>\n<p>\u201cEn Entre R\u00edos hay una inversi\u00f3n hist\u00f3rica del Gobierno Nacional en rutas y caminos, que supera los 49 mil millones de pesos. Es mucho lo que se est\u00e1 haciendo en cada ciudad y pueblo de la provincia para mejorar la conectividad, la seguridad vial y la circulaci\u00f3n de la producci\u00f3n entrerriana\u201d, dijo Koch. \u201cEn estos dos a\u00f1os se hizo diez veces m\u00e1s de lo poco y nada que hicieron Macri y Frigerio cuando ten\u00edan la responsabilidad de gobernar\u201d, fustig\u00f3 el responsable de Vialidad.<\/p>\n<p>\u201cDel norte al sur y del este al oeste de la provincia podemos dar ejemplos de obras y proyectos en marcha. En las ciudades m\u00e1s grandes y en los pueblitos m\u00e1s chicos. La Circunvalaci\u00f3n de Paran\u00e1 por la ruta 12; la repavimentaci\u00f3n y ampliaci\u00f3n de la Ruta 4 en Concordia, la ruta que m\u00e1s usan los productores y emprendedores de la zona; las mejoras proyectadas en el acceso sur tambi\u00e9n en Concordia; la ruta 20 en el Departamento Villaguay; los accesos en Hern\u00e1ndez, Aranguren y XX de Septiembre; las obras en La Paz, Santa Elena, en Racedo, en Crespo y los convenios que estamos firmando con municipios en toda la provincia. Para el lado que vaya Frigerio cuando se acuerda de darse una vuelta por Entre R\u00edos va a poder encontrar una obra nuestra\u201d, detall\u00f3 Koch.<\/p>\n<p>\u201cY todo esto se logra porque hoy estamos trabajando en equipo con el ministro de Obras P\u00fablicas Gabriel Katopodis, con el administrador de Vialidad Gustavo Arrieta, con el gobernador Gustavo Bordet y con el titular del ENOHSA Enrique Cresto, quien pelea y defiende con nosotros los intereses de Entre R\u00edos en la Naci\u00f3n mucho m\u00e1s que lo que Frigerio hizo en toda su carrera pol\u00edtica\u201d, enfatiz\u00f3 el \u201cRuso\u201d.<\/p>\n<p>\u201cEs muy posible que en esta etapa que Frigerio quiere mostrarse como un reci\u00e9n llegado a la pol\u00edtica est\u00e9 perdiendo un poco la memoria o no le convenga recordar algunas cosas. Pero en febrero de 2016 el entonces ministro Frigerio anunci\u00f3 un programa de mejora integral de la traza vial productiva. El anuncio estuvo muy lindo, muy impactante. Pero de todo lo que dijo que iba a hacer no hizo nada, as\u00ed como tampoco no hizo los puentes ni las obras que prometi\u00f3 y que despu\u00e9s encaramos con el Gobierno de Entre R\u00edos y el apoyo del Ministerio de Obras P\u00fablicas de la Naci\u00f3n\u201d, a\u00f1adi\u00f3.<\/p>\n<p>\u201cSabemos que las puestas en escena y las declaraciones a gusto de quien escucha son pr\u00e1cticas habituales del macrismo y Cambiemos; pero si Frigerio no puede dejar de mentir, por costumbre o conveniencia, al menos le pedimos que no sea hip\u00f3crita; porque es la peor forma de construir en pol\u00edtica\u201d, concluy\u00f3.<\/p>\n","protected":false},"excerpt":{"rendered":"<p>El titular del Distrito Entre R\u00edos de Vialidad Nacional, Daniel Koch sali\u00f3 al cruce de las recientes declaraciones del diputado nacional macrista, quien cuestion\u00f3 el estado de los caminos entrerrianos &nbsp; &nbsp; \u201cSi hay una persona que tuvo oportunidad de mejorar los caminos y las rutas de Entre R\u00edos durante el gobierno de Macri fue Frigerio, el ministro que mayor responsabilidad ten\u00eda en estos temas; pero encima que no hizo nada entonces hoy viene a cuestionar a los que s\u00ed estamos haciendo\u201d, fustig\u00f3 el funcionario nacional. \u201cEn Entre R\u00edos hay&#8230;<\/p>\n","protected":false},"author":3,"featured_media":82876,"comment_status":"closed","ping_status":"closed","sticky":false,"template":"","format":"standard","meta":[],"categories":[15],"tags":[],"_links":{"self":[{"href":"https:\/\/www.actualidadadiario.com\/index.php\/wp-json\/wp\/v2\/posts\/82875"}],"collection":[{"href":"https:\/\/www.actualidadadiario.com\/index.php\/wp-json\/wp\/v2\/posts"}],"about":[{"href":"https:\/\/www.actualidadadiario.com\/index.php\/wp-json\/wp\/v2\/types\/post"}],"author":[{"embeddable":true,"href":"https:\/\/www.actualidadadiario.com\/index.php\/wp-json\/wp\/v2\/users\/3"}],"replies":[{"embeddable":true,"href":"https:\/\/www.actualidadadiario.com\/index.php\/wp-json\/wp\/v2\/comments?post=82875"}],"version-history":[{"count":1,"href":"https:\/\/www.actualidadadiario.com\/index.php\/wp-json\/wp\/v2\/posts\/82875\/revisions"}],"predecessor-version":[{"id":82877,"href":"https:\/\/www.actualidadadiario.com\/index.php\/wp-json\/wp\/v2\/posts\/82875\/revisions\/82877"}],"wp:featuredmedia":[{"embeddable":true,"href":"https:\/\/www.actualidadadiario.com\/index.php\/wp-json\/wp\/v2\/media\/82876"}],"wp:attachment":[{"href":"https:\/\/www.actualidadadiario.com\/index.php\/wp-json\/wp\/v2\/media?parent=82875"}],"wp:term":[{"taxonomy":"category","embeddable":true,"href":"https:\/\/www.actualidadadiario.com\/index.php\/wp-json\/wp\/v2\/categories?post=82875"},{"taxonomy":"post_tag","embeddable":true,"href":"https:\/\/www.actualidadadiario.com\/index.php\/wp-json\/wp\/v2\/tags?post=82875"}],"curies":[{"name":"wp","href":"https:\/\/api.w.org\/{rel}","templated":true}]}}