{"id":82847,"date":"2022-02-24T17:21:07","date_gmt":"2022-02-24T20:21:07","guid":{"rendered":"https:\/\/www.actualidadadiario.com\/?p=82847"},"modified":"2022-02-24T17:21:07","modified_gmt":"2022-02-24T20:21:07","slug":"bordet-entrego-ambulancias-a-efectores-de-salud-del-departamento","status":"publish","type":"post","link":"https:\/\/www.actualidadadiario.com\/index.php\/2022\/02\/24\/bordet-entrego-ambulancias-a-efectores-de-salud-del-departamento\/","title":{"rendered":"Bordet entreg\u00f3 ambulancias a efectores de salud del departamento"},"content":{"rendered":"<p style=\"text-align: center;\"><em><strong>El gobernador de la provincia, Gustavo Bordet, lleg\u00f3 este jueves a la ciudad de Federaci\u00f3n para encabezar un acto de entrega de ambulancias 0 Km. a efectores de salud del departamento<\/strong><\/em><\/p>\n<p>&nbsp;<\/p>\n<p>&nbsp;<\/p>\n<p>La actividad inici\u00f3 a las 11 horas y cont\u00f3 con la presencia la ministra de Salud de la provincia, Sonia Vel\u00e1zquez, intendentes, y diferentes autoridades pol\u00edticas de los municipios, del departamento y de la provincia, entre otras.<\/p>\n<p>Las nuevas unidades estar\u00e1n destinadas a los efectores de Salud de Federaci\u00f3n, Los Conquistadores, San Jaime de la Frontera y Chajar\u00ed.<\/p>\n<p>En este sentido, seg\u00fan se indic\u00f3, el viernes, a las 10 horas, en la explanada de la Guardia del Hospital Santa Rosa de Chajar\u00ed, se realizar\u00e1 la bendici\u00f3n de la nueva ambulancia.<\/p>\n","protected":false},"excerpt":{"rendered":"<p>El gobernador de la provincia, Gustavo Bordet, lleg\u00f3 este jueves a la ciudad de Federaci\u00f3n para encabezar un acto de entrega de ambulancias 0 Km. a efectores de salud del departamento &nbsp; &nbsp; La actividad inici\u00f3 a las 11 horas y cont\u00f3 con la presencia la ministra de Salud de la provincia, Sonia Vel\u00e1zquez, intendentes, y diferentes autoridades pol\u00edticas de los municipios, del departamento y de la provincia, entre otras. Las nuevas unidades estar\u00e1n destinadas a los efectores de Salud de Federaci\u00f3n, Los Conquistadores, San Jaime de la Frontera y&#8230;<\/p>\n","protected":false},"author":3,"featured_media":82848,"comment_status":"closed","ping_status":"closed","sticky":false,"template":"","format":"standard","meta":[],"categories":[9,15],"tags":[],"_links":{"self":[{"href":"https:\/\/www.actualidadadiario.com\/index.php\/wp-json\/wp\/v2\/posts\/82847"}],"collection":[{"href":"https:\/\/www.actualidadadiario.com\/index.php\/wp-json\/wp\/v2\/posts"}],"about":[{"href":"https:\/\/www.actualidadadiario.com\/index.php\/wp-json\/wp\/v2\/types\/post"}],"author":[{"embeddable":true,"href":"https:\/\/www.actualidadadiario.com\/index.php\/wp-json\/wp\/v2\/users\/3"}],"replies":[{"embeddable":true,"href":"https:\/\/www.actualidadadiario.com\/index.php\/wp-json\/wp\/v2\/comments?post=82847"}],"version-history":[{"count":1,"href":"https:\/\/www.actualidadadiario.com\/index.php\/wp-json\/wp\/v2\/posts\/82847\/revisions"}],"predecessor-version":[{"id":82849,"href":"https:\/\/www.actualidadadiario.com\/index.php\/wp-json\/wp\/v2\/posts\/82847\/revisions\/82849"}],"wp:featuredmedia":[{"embeddable":true,"href":"https:\/\/www.actualidadadiario.com\/index.php\/wp-json\/wp\/v2\/media\/82848"}],"wp:attachment":[{"href":"https:\/\/www.actualidadadiario.com\/index.php\/wp-json\/wp\/v2\/media?parent=82847"}],"wp:term":[{"taxonomy":"category","embeddable":true,"href":"https:\/\/www.actualidadadiario.com\/index.php\/wp-json\/wp\/v2\/categories?post=82847"},{"taxonomy":"post_tag","embeddable":true,"href":"https:\/\/www.actualidadadiario.com\/index.php\/wp-json\/wp\/v2\/tags?post=82847"}],"curies":[{"name":"wp","href":"https:\/\/api.w.org\/{rel}","templated":true}]}}