{"id":82841,"date":"2022-02-24T17:19:39","date_gmt":"2022-02-24T20:19:39","guid":{"rendered":"https:\/\/www.actualidadadiario.com\/?p=82841"},"modified":"2022-02-24T17:19:39","modified_gmt":"2022-02-24T20:19:39","slug":"vialidad-nacional-insiste-en-que-el-mantenimiento-de-la-ruta-14-no-se-esta-haciendo-como-corresponde","status":"publish","type":"post","link":"https:\/\/www.actualidadadiario.com\/index.php\/2022\/02\/24\/vialidad-nacional-insiste-en-que-el-mantenimiento-de-la-ruta-14-no-se-esta-haciendo-como-corresponde\/","title":{"rendered":"Vialidad Nacional insiste en que el mantenimiento de la ruta 14 \u201cno se est\u00e1 haciendo como corresponde\u201d"},"content":{"rendered":"<p style=\"text-align: center;\"><em><strong>A pesar que recientemente se estableci\u00f3 un aumento del precio en todos los peajes del pa\u00eds, desde el Distrito Entre R\u00edos de Vialidad Nacional reiteraron que el mantenimiento de la autov\u00eda \u201cno se lleva adelante como corresponde\u201d<\/strong><\/em><\/p>\n<p>&nbsp;<\/p>\n<p>&nbsp;<\/p>\n<p>El titular del Distrito Entre R\u00edos de Vialidad Nacional, Daniel Koch, aclar\u00f3 que dicho aumento se dio \u201cen todos los peajes del pa\u00eds\u201d, por lo que no es un aumento \u201cque dependa de un distrito o de una determinaci\u00f3n nuestra\u201d.<\/p>\n<p>Es por eso que \u201ctenemos que ser cr\u00edticos con la forma en la que se est\u00e1 trabajando\u201d en la extensi\u00f3n de la autov\u00eda. Al respecto, Koch mencion\u00f3 que \u201ccreemos que no es la mejor manera y seguimos informando de forma permanente a Casa Central que las tareas de mantenimiento no se est\u00e1n llevando adelante como corresponde\u201d.<\/p>\n<p>Debido a esto, Koch destac\u00f3 que \u201cen un principio ten\u00edamos di\u00e1logo con la empresa\u201d encargada de dichas tareas, pero \u201cse termin\u00f3 cortando porque las negociaciones se llevaron a cabo en otro lugar\u201d.<\/p>\n<p>En consecuencia, desde el Distrito \u201cnos reportamos en forma semestral a Casa Central, para tener una estad\u00edstica de c\u00f3mo se va deteriorando y poniendo de preaviso a las autoridades\u201d, quienes \u201cest\u00e1n esperando ver de qu\u00e9 manera se puede salir de este cuello de botella lo m\u00e1s r\u00e1pido posible, teniendo en cuenta que falta menos de un a\u00f1o para que finalice el contrato\u201d, agreg\u00f3.<\/p>\n<p>Finalmente, Koch precis\u00f3 que peri\u00f3dicamente \u201chacemos una evaluaci\u00f3n general del estado de la ruta, de su conservaci\u00f3n, su marcaci\u00f3n, se\u00f1alamiento, cortes de pasto, de banquina, de subidas a la ruta\u201d y, desde su punto de vista, el cuidado de la autov\u00eda \u201cno se est\u00e1 haciendo como corresponde\u201d.<\/p>\n","protected":false},"excerpt":{"rendered":"<p>A pesar que recientemente se estableci\u00f3 un aumento del precio en todos los peajes del pa\u00eds, desde el Distrito Entre R\u00edos de Vialidad Nacional reiteraron que el mantenimiento de la autov\u00eda \u201cno se lleva adelante como corresponde\u201d &nbsp; &nbsp; El titular del Distrito Entre R\u00edos de Vialidad Nacional, Daniel Koch, aclar\u00f3 que dicho aumento se dio \u201cen todos los peajes del pa\u00eds\u201d, por lo que no es un aumento \u201cque dependa de un distrito o de una determinaci\u00f3n nuestra\u201d. Es por eso que \u201ctenemos que ser cr\u00edticos con la forma&#8230;<\/p>\n","protected":false},"author":3,"featured_media":82842,"comment_status":"closed","ping_status":"closed","sticky":false,"template":"","format":"standard","meta":[],"categories":[15],"tags":[],"_links":{"self":[{"href":"https:\/\/www.actualidadadiario.com\/index.php\/wp-json\/wp\/v2\/posts\/82841"}],"collection":[{"href":"https:\/\/www.actualidadadiario.com\/index.php\/wp-json\/wp\/v2\/posts"}],"about":[{"href":"https:\/\/www.actualidadadiario.com\/index.php\/wp-json\/wp\/v2\/types\/post"}],"author":[{"embeddable":true,"href":"https:\/\/www.actualidadadiario.com\/index.php\/wp-json\/wp\/v2\/users\/3"}],"replies":[{"embeddable":true,"href":"https:\/\/www.actualidadadiario.com\/index.php\/wp-json\/wp\/v2\/comments?post=82841"}],"version-history":[{"count":1,"href":"https:\/\/www.actualidadadiario.com\/index.php\/wp-json\/wp\/v2\/posts\/82841\/revisions"}],"predecessor-version":[{"id":82843,"href":"https:\/\/www.actualidadadiario.com\/index.php\/wp-json\/wp\/v2\/posts\/82841\/revisions\/82843"}],"wp:featuredmedia":[{"embeddable":true,"href":"https:\/\/www.actualidadadiario.com\/index.php\/wp-json\/wp\/v2\/media\/82842"}],"wp:attachment":[{"href":"https:\/\/www.actualidadadiario.com\/index.php\/wp-json\/wp\/v2\/media?parent=82841"}],"wp:term":[{"taxonomy":"category","embeddable":true,"href":"https:\/\/www.actualidadadiario.com\/index.php\/wp-json\/wp\/v2\/categories?post=82841"},{"taxonomy":"post_tag","embeddable":true,"href":"https:\/\/www.actualidadadiario.com\/index.php\/wp-json\/wp\/v2\/tags?post=82841"}],"curies":[{"name":"wp","href":"https:\/\/api.w.org\/{rel}","templated":true}]}}