{"id":82836,"date":"2022-02-24T17:18:16","date_gmt":"2022-02-24T20:18:16","guid":{"rendered":"https:\/\/www.actualidadadiario.com\/?p=82836"},"modified":"2022-02-24T17:18:16","modified_gmt":"2022-02-24T20:18:16","slug":"buscan-alternativas-para-una-mayor-expansion-y-desarrollo-de-la-cadena-citricola","status":"publish","type":"post","link":"https:\/\/www.actualidadadiario.com\/index.php\/2022\/02\/24\/buscan-alternativas-para-una-mayor-expansion-y-desarrollo-de-la-cadena-citricola\/","title":{"rendered":"Buscan alternativas para una mayor expansi\u00f3n y desarrollo de la cadena citr\u00edcola"},"content":{"rendered":"<p style=\"text-align: center;\"><em><strong>El secretario de Agricultura y Ganader\u00eda, Lucio Amavet, mantuvo un encuentro en Concordia con directivos de la C\u00e1mara de Exportadores de Citrus del Noreste para avanzar en un proyecto de expansi\u00f3n y desarrollo<\/strong><\/em><\/p>\n<p>&nbsp;<\/p>\n<p>&nbsp;<\/p>\n<p>\u201cLa cadena citr\u00edcola distingue a Entre R\u00edos en el mercado internacional con una fruta de calidad y demanda. Son los mismos productores que arriesgan e investigan, sumando la exportaci\u00f3n a su actividad primaria y junto a ellos vamos creciendo en el mundo y el mercado interno\u201d, defini\u00f3 el funcionario.<\/p>\n<p>Nuevas variedades de citrus, tecnificaci\u00f3n, control de calidad y luchas sanitarias integraron la agenda de la reuni\u00f3n de la que participaron el titular de la entidad, Mart\u00edn Gonz\u00e1lez, y los dirigentes Santiago Caprarulo, Roberto Salerno y Enrique Yelin.<\/p>\n<p>\u201cLa pol\u00edtica de la provincia, impulsada por el gobernador Gustavo Bordet y el ministro de Producci\u00f3n, Juan Jos\u00e9 Bahillo, es ser mejores en materia sanitaria; en particular en la lucha contra HLB y Mosca\u201d, determin\u00f3 el secretario, antes de especificar: \u201cLa reconversi\u00f3n del sector viene de la mano de la plantaci\u00f3n de nuevas variedades para fruta fresca y jugos; incorporaci\u00f3n de m\u00e1s hect\u00e1reas de riego, hoy en d\u00eda el 60% de la superficie lo necesita para elevar la cantidad de producci\u00f3n; y una estrategia definida para abrir m\u00e1s mercados en Brasil, Estados Unidos y M\u00e9xico, como lo est\u00e1 haciendo el gobernador junto al canciller Santiago Cafiero\u201d.<\/p>\n<p>\u201cSomos esencialmente productores de citrus, muchos de tercera y cuarta generaci\u00f3n, que nos lanzamos al desaf\u00edo de crecer en el mercado internacional\u201d, defini\u00f3 Gonz\u00e1lez por su parte, al poner en valor las inversiones en capital de trabajo y gesti\u00f3n que emprenden desde la entidad que nuclea a las firmas exportadoras de la provincia. \u201cJunto al gobierno damos pasos en la b\u00fasqueda de nuevos mercados y consolidamos lo que tenemos. Necesitamos de este acompa\u00f1amiento\u201d, especific\u00f3 el dirigente.<\/p>\n<p>La relaci\u00f3n comercial e institucional en el \u00e1mbito del Mercosur se integr\u00f3 a la agenda, dado que las frutas entrerrianas, por ejemplo, tienen gran aceptaci\u00f3n entre los consumidores de Brasil y los industriales entrerrianos ven una oportunidad de desarrollarse en la medida que los pasos fronterizos no se transformen en una limitante para llegar en tiempo y forma a destino.<\/p>\n<p>La pol\u00edtica de Estado en materia de luchas sanitarias es un punto alto en la estrategia de desarrollo de la econom\u00eda regional. Amavet aport\u00f3 que \u201cnuestra tarea es responder con soluciones a los conflictos desatados a partir del crecimiento, y el camino es la unidad del sector. El gobernador y el ministro incentivan el crecimiento del macizo citr\u00edcola entrerriano, que multiplica la generaci\u00f3n de mano de obra, con pol\u00edticas concretas de financiamiento para el desarrollo tecnol\u00f3gico y comercializaci\u00f3n en el pa\u00eds y el mundo\u201d, finaliz\u00f3.<\/p>\n","protected":false},"excerpt":{"rendered":"<p>El secretario de Agricultura y Ganader\u00eda, Lucio Amavet, mantuvo un encuentro en Concordia con directivos de la C\u00e1mara de Exportadores de Citrus del Noreste para avanzar en un proyecto de expansi\u00f3n y desarrollo &nbsp; &nbsp; \u201cLa cadena citr\u00edcola distingue a Entre R\u00edos en el mercado internacional con una fruta de calidad y demanda. Son los mismos productores que arriesgan e investigan, sumando la exportaci\u00f3n a su actividad primaria y junto a ellos vamos creciendo en el mundo y el mercado interno\u201d, defini\u00f3 el funcionario. Nuevas variedades de citrus, tecnificaci\u00f3n, control&#8230;<\/p>\n","protected":false},"author":3,"featured_media":82837,"comment_status":"closed","ping_status":"closed","sticky":false,"template":"","format":"standard","meta":[],"categories":[15],"tags":[],"_links":{"self":[{"href":"https:\/\/www.actualidadadiario.com\/index.php\/wp-json\/wp\/v2\/posts\/82836"}],"collection":[{"href":"https:\/\/www.actualidadadiario.com\/index.php\/wp-json\/wp\/v2\/posts"}],"about":[{"href":"https:\/\/www.actualidadadiario.com\/index.php\/wp-json\/wp\/v2\/types\/post"}],"author":[{"embeddable":true,"href":"https:\/\/www.actualidadadiario.com\/index.php\/wp-json\/wp\/v2\/users\/3"}],"replies":[{"embeddable":true,"href":"https:\/\/www.actualidadadiario.com\/index.php\/wp-json\/wp\/v2\/comments?post=82836"}],"version-history":[{"count":1,"href":"https:\/\/www.actualidadadiario.com\/index.php\/wp-json\/wp\/v2\/posts\/82836\/revisions"}],"predecessor-version":[{"id":82838,"href":"https:\/\/www.actualidadadiario.com\/index.php\/wp-json\/wp\/v2\/posts\/82836\/revisions\/82838"}],"wp:featuredmedia":[{"embeddable":true,"href":"https:\/\/www.actualidadadiario.com\/index.php\/wp-json\/wp\/v2\/media\/82837"}],"wp:attachment":[{"href":"https:\/\/www.actualidadadiario.com\/index.php\/wp-json\/wp\/v2\/media?parent=82836"}],"wp:term":[{"taxonomy":"category","embeddable":true,"href":"https:\/\/www.actualidadadiario.com\/index.php\/wp-json\/wp\/v2\/categories?post=82836"},{"taxonomy":"post_tag","embeddable":true,"href":"https:\/\/www.actualidadadiario.com\/index.php\/wp-json\/wp\/v2\/tags?post=82836"}],"curies":[{"name":"wp","href":"https:\/\/api.w.org\/{rel}","templated":true}]}}