{"id":82833,"date":"2022-02-24T17:17:32","date_gmt":"2022-02-24T20:17:32","guid":{"rendered":"https:\/\/www.actualidadadiario.com\/?p=82833"},"modified":"2022-02-24T17:17:32","modified_gmt":"2022-02-24T20:17:32","slug":"jovenes-entrerrianos-recorren-los-incendios-distribuyendo-la-solidaridad-popular","status":"publish","type":"post","link":"https:\/\/www.actualidadadiario.com\/index.php\/2022\/02\/24\/jovenes-entrerrianos-recorren-los-incendios-distribuyendo-la-solidaridad-popular\/","title":{"rendered":"J\u00f3venes entrerrianos recorren los incendios distribuyendo la solidaridad popular"},"content":{"rendered":"<p style=\"text-align: center;\"><em><strong>Los voluntarios, oriundos de la localidad de Concordia, desde el fin de semana se encuentran en la provincia del nordeste argentino distribuyendo toneladas de alimentos, agua potable y ropa que los vecinos de su ciudad natal reunieron en apenas 72 horas<\/strong><\/em><\/p>\n<p>&nbsp;<\/p>\n<p>&nbsp;<\/p>\n<p>Un grupo de amigos oriundo de la localidad entrerriana de Concordia recorre desde el fin de semana las zonas de Corrientes m\u00e1s afectadas por los incendios forestales en las que distribuyen toneladas de alimentos, agua potable y ropa que los vecinos de su ciudad natal reunieron en apenas 72 horas para colaborar con los damnificados por el fuego.<\/p>\n<p>El cami\u00f3n con acoplado cargado de donaciones se detuvo este mi\u00e9rcoles en la Escuela de la Familia Agr\u00edcola &#8220;\u00d1anderoga&#8221;, ubicada sobre la ruta 118, entre las localidades de San Miguel y Loreto, en el coraz\u00f3n de la zona afectada por los incendios, que desde hace diez d\u00edas se convirti\u00f3 en el centro de comando y base operativa de una fuerza conjunta integrada por organismos nacionales, empresas p\u00fablicas y equipos especializados de media docena de provincias que lucha contra los incendios forestales.<\/p>\n<p>All\u00ed, los j\u00f3venes entrerrianos -que la semana pasada comenzaron una colecta solidaria entre sus vecinos de Concordia- descargaron una gran cantidad de alimentos no perecederos, agua potable y naranjas que pidieron que sean destinados a las viandas de los brigadistas que todos los d\u00edas salen desde esa base a combatir las llamas.<\/p>\n<p>Mikhail Cicognini, due\u00f1o de un vivero en Concordia y uno de los impulsores de la iniciativa solidaria, afirm\u00f3 que &#8220;muchas veces venimos de paseo a la zona de Carlos Pellegrini, que nos gusta mucho y donde tenemos gente conocida. Algunos tenemos primos en Santo Tom\u00e9 y Mercedes, y hablando con ellos de todo lo que est\u00e1 pasando nos pusimos de acuerdo para dar una mano y un poco de tiempo que es algo que no cuesta tanto&#8221;.<\/p>\n<p>El joven sostuvo que, ellos, &#8220;en Concordia sufrimos inundaciones y desde otras provincias siempre lleg\u00f3 ayuda. Entendimos que no nos cuesta nada salir a dar una mano y en cuesti\u00f3n de tres d\u00edas llenamos el chasis y ahora salimos a entregar y a darle la mano a la gente que est\u00e1 trabajando y a la que la est\u00e1 necesitando&#8221;.<\/p>\n<p>&#8220;Desde ayer que andamos por pueblos de la zona afectada por los incendios. Lo que hacemos es dejar el cami\u00f3n en la calle y entramos a los parajes a entregar lo que necesiten, saludar y seguir viaje&#8221;, detall\u00f3.<\/p>\n<p>Mikhail cont\u00f3 que pasaron &#8220;por una casa que se hab\u00eda quemado por completo y les dejamos ropa y alimentos. Tambi\u00e9n le dejamos alimentos a los bomberos de un cuartel de San Miguel, que est\u00e1n cocinando para la gente que est\u00e1 luchando contra el fuego en los campos&#8221;.<\/p>\n<p>&#8220;Tenemos familiares en Concordia que siguen juntando donaciones porque sabemos que esto no se acaba ahora, y que cuando se apague el fuego todav\u00eda va a hacer falta mucha ayuda. Por eso vamos a seguir&#8221;, complet\u00f3 el joven solidario.<\/p>\n<p>Las expresiones de solidaridad con las comunidades afectadas se repiten en redes sociales desde diversos \u00e1mbitos sociales, sindicales y pol\u00edticos que convocan a sumar donaciones.<\/p>\n<p>Tambi\u00e9n comienzan a verse en algunas rutas autos particulares y peque\u00f1os utilitarios que trasladan donaciones a puntos cr\u00edticos afectados por las llamas.<\/p>\n","protected":false},"excerpt":{"rendered":"<p>Los voluntarios, oriundos de la localidad de Concordia, desde el fin de semana se encuentran en la provincia del nordeste argentino distribuyendo toneladas de alimentos, agua potable y ropa que los vecinos de su ciudad natal reunieron en apenas 72 horas &nbsp; &nbsp; Un grupo de amigos oriundo de la localidad entrerriana de Concordia recorre desde el fin de semana las zonas de Corrientes m\u00e1s afectadas por los incendios forestales en las que distribuyen toneladas de alimentos, agua potable y ropa que los vecinos de su ciudad natal reunieron en&#8230;<\/p>\n","protected":false},"author":3,"featured_media":82834,"comment_status":"closed","ping_status":"closed","sticky":false,"template":"","format":"standard","meta":[],"categories":[9,15],"tags":[],"_links":{"self":[{"href":"https:\/\/www.actualidadadiario.com\/index.php\/wp-json\/wp\/v2\/posts\/82833"}],"collection":[{"href":"https:\/\/www.actualidadadiario.com\/index.php\/wp-json\/wp\/v2\/posts"}],"about":[{"href":"https:\/\/www.actualidadadiario.com\/index.php\/wp-json\/wp\/v2\/types\/post"}],"author":[{"embeddable":true,"href":"https:\/\/www.actualidadadiario.com\/index.php\/wp-json\/wp\/v2\/users\/3"}],"replies":[{"embeddable":true,"href":"https:\/\/www.actualidadadiario.com\/index.php\/wp-json\/wp\/v2\/comments?post=82833"}],"version-history":[{"count":1,"href":"https:\/\/www.actualidadadiario.com\/index.php\/wp-json\/wp\/v2\/posts\/82833\/revisions"}],"predecessor-version":[{"id":82835,"href":"https:\/\/www.actualidadadiario.com\/index.php\/wp-json\/wp\/v2\/posts\/82833\/revisions\/82835"}],"wp:featuredmedia":[{"embeddable":true,"href":"https:\/\/www.actualidadadiario.com\/index.php\/wp-json\/wp\/v2\/media\/82834"}],"wp:attachment":[{"href":"https:\/\/www.actualidadadiario.com\/index.php\/wp-json\/wp\/v2\/media?parent=82833"}],"wp:term":[{"taxonomy":"category","embeddable":true,"href":"https:\/\/www.actualidadadiario.com\/index.php\/wp-json\/wp\/v2\/categories?post=82833"},{"taxonomy":"post_tag","embeddable":true,"href":"https:\/\/www.actualidadadiario.com\/index.php\/wp-json\/wp\/v2\/tags?post=82833"}],"curies":[{"name":"wp","href":"https:\/\/api.w.org\/{rel}","templated":true}]}}