{"id":82830,"date":"2022-02-24T17:16:10","date_gmt":"2022-02-24T20:16:10","guid":{"rendered":"https:\/\/www.actualidadadiario.com\/?p=82830"},"modified":"2022-02-24T17:16:10","modified_gmt":"2022-02-24T20:16:10","slug":"alberto-fernandez-encarara-en-marzo-una-gira-por-chile-y-medio-oriente","status":"publish","type":"post","link":"https:\/\/www.actualidadadiario.com\/index.php\/2022\/02\/24\/alberto-fernandez-encarara-en-marzo-una-gira-por-chile-y-medio-oriente\/","title":{"rendered":"Alberto Fern\u00e1ndez encarar\u00e1 en marzo una gira por Chile y Medio Oriente"},"content":{"rendered":"<p style=\"text-align: center;\"><em><strong>En el pa\u00eds trasandino estar\u00e1 en la asunci\u00f3n del presidente electo Gabriel Boric. Tambi\u00e9n estar\u00e1 en Emiratos \u00c1rabes y Arabia Saudita<\/strong><\/em><\/p>\n<p>&nbsp;<\/p>\n<p>&nbsp;<\/p>\n<p>El presidente Alberto Fern\u00e1ndez encarar\u00e1 durante el mes de marzo una gira que lo llevar\u00e1 a tres pa\u00edses: Chile, Emiratos \u00c1rabes y Arabia Saudita.<\/p>\n<p>Seg\u00fan confirmaron fuentes oficiales, el m\u00e1ximo mandatario viajar\u00e1 hasta Santiago de Chile el viernes 11 de marzo para participar de los actos de jura del electo presidente electo Gabriel Boric.<\/p>\n<p>El pasado 19 de diciembre, luego de que se decretara el triunfo del chileno, Fern\u00e1ndez se contact\u00f3 con \u00e9ste para felicitarlo y prometerle que iba estar en su acto de asunci\u00f3n.<\/p>\n<p>\u201cTe deseo lo mejor para vos y para Chile. Ac\u00e1 ten\u00e9s a un amigo y est\u00e1s invitado a venir a la Argentina cuando quieras y ojal\u00e1 tu primer viaje sea a nuestro pa\u00eds\u201d, le manifest\u00f3 y a\u00f1adi\u00f3: \u201cY por supuesto estar\u00e9 en tu asunci\u00f3n\u201d.<\/p>\n<p>La agenda presidencial continuar\u00e1 hacia Medio Oriente, cuando el 14 de marzo arribe a Abu Dabi, la capital de Emiratos \u00c1rabes, y el 15 se traslade a Dub\u00e1i para visitar la Expo Mundial de la que Argentina forma parte.<\/p>\n<p>Finalmente, el 16 de marzo viajar\u00e1 hacia Arabia Saudita, precisaron desde Presidencia de la Naci\u00f3n.<\/p>\n<p>La Exposici\u00f3n Universal de Dub\u00e1i 2020 es un evento mundial que se inaugur\u00f3 en octubre del a\u00f1o pasado y se desarrollar\u00e1 durante seis meses en esa ciudad.<\/p>\n<p>Ser\u00e1 la primera vez que ser\u00e1 en la regi\u00f3n del Medio Oriente, \u00c1frica y Sur de Asia (MEASA) y cada uno de los 192 pa\u00edses participantes contar\u00e1 con su propio pabell\u00f3n, espacio en donde difundir\u00e1n su cultura, deportes, tecnolog\u00eda, creatividad, innovaci\u00f3n y paisajes naturales.<\/p>\n<p>El pabell\u00f3n argentino tiene 414 mts2 y cuenta con una atracci\u00f3n principal es una sala multimedial de 148 mts2.<\/p>\n<p>All\u00ed el visitante podr\u00e1 apreciar los paisajes naturales ic\u00f3nicos del pa\u00eds, la diversidad cultural de su gente, el talento de sus deportistas y su potencial en materia de agroindustria, energ\u00edas renovables y ciencia y tecnolog\u00eda, entre otros campos.<\/p>\n","protected":false},"excerpt":{"rendered":"<p>En el pa\u00eds trasandino estar\u00e1 en la asunci\u00f3n del presidente electo Gabriel Boric. Tambi\u00e9n estar\u00e1 en Emiratos \u00c1rabes y Arabia Saudita &nbsp; &nbsp; El presidente Alberto Fern\u00e1ndez encarar\u00e1 durante el mes de marzo una gira que lo llevar\u00e1 a tres pa\u00edses: Chile, Emiratos \u00c1rabes y Arabia Saudita. Seg\u00fan confirmaron fuentes oficiales, el m\u00e1ximo mandatario viajar\u00e1 hasta Santiago de Chile el viernes 11 de marzo para participar de los actos de jura del electo presidente electo Gabriel Boric. El pasado 19 de diciembre, luego de que se decretara el triunfo del&#8230;<\/p>\n","protected":false},"author":3,"featured_media":82831,"comment_status":"closed","ping_status":"closed","sticky":false,"template":"","format":"standard","meta":[],"categories":[18],"tags":[],"_links":{"self":[{"href":"https:\/\/www.actualidadadiario.com\/index.php\/wp-json\/wp\/v2\/posts\/82830"}],"collection":[{"href":"https:\/\/www.actualidadadiario.com\/index.php\/wp-json\/wp\/v2\/posts"}],"about":[{"href":"https:\/\/www.actualidadadiario.com\/index.php\/wp-json\/wp\/v2\/types\/post"}],"author":[{"embeddable":true,"href":"https:\/\/www.actualidadadiario.com\/index.php\/wp-json\/wp\/v2\/users\/3"}],"replies":[{"embeddable":true,"href":"https:\/\/www.actualidadadiario.com\/index.php\/wp-json\/wp\/v2\/comments?post=82830"}],"version-history":[{"count":1,"href":"https:\/\/www.actualidadadiario.com\/index.php\/wp-json\/wp\/v2\/posts\/82830\/revisions"}],"predecessor-version":[{"id":82832,"href":"https:\/\/www.actualidadadiario.com\/index.php\/wp-json\/wp\/v2\/posts\/82830\/revisions\/82832"}],"wp:featuredmedia":[{"embeddable":true,"href":"https:\/\/www.actualidadadiario.com\/index.php\/wp-json\/wp\/v2\/media\/82831"}],"wp:attachment":[{"href":"https:\/\/www.actualidadadiario.com\/index.php\/wp-json\/wp\/v2\/media?parent=82830"}],"wp:term":[{"taxonomy":"category","embeddable":true,"href":"https:\/\/www.actualidadadiario.com\/index.php\/wp-json\/wp\/v2\/categories?post=82830"},{"taxonomy":"post_tag","embeddable":true,"href":"https:\/\/www.actualidadadiario.com\/index.php\/wp-json\/wp\/v2\/tags?post=82830"}],"curies":[{"name":"wp","href":"https:\/\/api.w.org\/{rel}","templated":true}]}}