{"id":82828,"date":"2022-02-24T17:15:27","date_gmt":"2022-02-24T20:15:27","guid":{"rendered":"https:\/\/www.actualidadadiario.com\/?p=82828"},"modified":"2022-02-24T17:15:27","modified_gmt":"2022-02-24T20:15:27","slug":"el-gobierno-desestimo-el-proyecto-de-la-coalicion-civica-y-quiere-que-el-acuerdo-con-el-fmi-pase-si-o-si-por-el-congreso","status":"publish","type":"post","link":"https:\/\/www.actualidadadiario.com\/index.php\/2022\/02\/24\/el-gobierno-desestimo-el-proyecto-de-la-coalicion-civica-y-quiere-que-el-acuerdo-con-el-fmi-pase-si-o-si-por-el-congreso\/","title":{"rendered":"El Gobierno desestim\u00f3 el proyecto de la Coalici\u00f3n C\u00edvica y quiere que el acuerdo con el FMI pase s\u00ed o s\u00ed por el Congreso"},"content":{"rendered":"<p style=\"text-align: center;\"><em><strong>La fuerza pol\u00edtica que conduce Elisa Carri\u00f3 propuso que el acuerdo no pase por el Parlamento, para evitar que se empantane el tratamiento y Argentina pueda caer en default si no avanza<\/strong><\/em><\/p>\n<p>&nbsp;<\/p>\n<p>&nbsp;<\/p>\n<p>El gobierno nacional desestim\u00f3 el proyecto presentado por la Coalici\u00f3n C\u00edvica ayer por la tarde para evitar que el acuerdo con el Fondo Monetario Internacional (FMI) pase por el Congreso, se dificulte su aprobaci\u00f3n y Argentina caiga en un default.<\/p>\n<p>La iniciativa de la fuerza pol\u00edtica que conduce Elisa Carri\u00f3 buscaba evitar que el acuerdo caiga en un pantano parlamentario debido a las diferencias internas que sufre el oficialismo y la incertidumbre que hay en ambas c\u00e1maras del Congreso sobre quienes acompa\u00f1ar\u00e1n el acuerdo y qui\u00e9nes no.<\/p>\n<p>\u201cPara el Gobierno no es una opci\u00f3n el proyecto de la Coalici\u00f3n C\u00edvica. Queremos que se cumpla la ley y pase por el Congreso s\u00ed o s\u00ed\u201d, resalt\u00f3 un alto funcionario de la Casa Rosada. Puertas adentro de Balcarce 50 siguen creyendo que no tendr\u00e1n problemas para que el acuerdo pase la barrera de Diputados.<\/p>\n<p>En el Senado la situaci\u00f3n es m\u00e1s complicada. El presidente del bloque oficialista, Jos\u00e9 Mayans, dej\u00f3 en claro en los \u00faltimos d\u00edas que tienen que ver la letra chica del documento y despu\u00e9s se definir\u00e1 la posici\u00f3n. En resumen, sostuvo que no hay una voluntad pol\u00edtica que supere el exhaustivo examen de la denominada \u201cletra chica\u201d.<\/p>\n<p>Sin embargo, en el oficialismo creen que no habr\u00e1 problemas para que el acuerdo tambi\u00e9n sea aprobado en la C\u00e1mara alta. La mayor\u00eda del bloque del Frente de Todos acompa\u00f1ar\u00eda y Juntos por el Cambio ya ha expresado su decisi\u00f3n de acompa\u00f1ar.<\/p>\n<p>Las negociaciones con el Fondo est\u00e1n estancadas. La diferencia sustancial es c\u00f3mo alcanzar el 2,5 de d\u00e9ficit que proyect\u00f3 el ministro de Econom\u00eda, Mart\u00edn Guzm\u00e1n. El FMI considera que hay que subir un 60% las tarifas el\u00e9ctricas y Alberto Fern\u00e1ndez no est\u00e1 dispuesto a moverse mucho m\u00e1s all\u00e1 del 20%. La brecha es grande y volvi\u00f3 a tensionar la negociaci\u00f3n.<\/p>\n<p>\u201cNo hay ninguna posibilidad de que se concrete un aumento del 60%. Es imposible\u201d, describieron cerca del Presidente. En ese contexto, en el Gobierno reconocieron que es posible que el env\u00edo del acuerdo al Congreso se demore y reci\u00e9n llegue \u201cen los primeros d\u00edas de marzo\u201d.<\/p>\n<p>Es decir, que Alberto Fern\u00e1ndez abrir\u00e1 las sesiones ordinarias en el Parlamento sin que el acuerdo haya llegado a los legisladores, lo que implica que nadie conozca el contenido total de la negociaci\u00f3n, de lo que deber\u00edan votar.<\/p>\n<p>No es el escenario que esperaban, pero es el que tienen, en medio de d\u00edas muy complejos por las trabas que aparecieron en las conversaciones entre Buenos Aires y Washington. M\u00e1s all\u00e1 de las demoras, el acuerdo con el FMI ser\u00e1 uno de los temas principales en el discurso del 1 de marzo que est\u00e1 preparando el asesor presidencial Alejandro Grimson.<\/p>\n<p>&nbsp;<\/p>\n<p><strong>El proyecto de Carri\u00f3 y la Coalici\u00f3n C\u00edvica<\/strong><\/p>\n<p>La cofundadora de Juntos por el Cambio dise\u00f1\u00f3 el proyecto de ley junto con sus espadas legislativas m\u00e1s cercanas e influyentes: Maximiliano Ferraro y Juan Manuel L\u00f3pez. La decisi\u00f3n de avanzar, seg\u00fan cuentan en la Coalici\u00f3n C\u00edvica, fue porque divisaban \u201cun clima inestable\u201d en el Congreso respecto a las negociaciones con el FMI.<\/p>\n<p>\u201cHay que ser claros, tener una posici\u00f3n y brindar una herramienta\u201d, indicaron. Ferraro, presidente del partido, les comunic\u00f3 la decisi\u00f3n a los presidentes del PRO, Patricia Bullrich, y de la UCR, Gerardo Morales. L\u00f3pez, que conduce el bloque en la C\u00e1mara de Diputados, hizo lo mismo con Cristian Ritondo y Mario Negri. Todos fueron alertados.<\/p>\n<p>Ese aviso fue un compromiso cumplido pero molest\u00f3 dentro del esquema de Juntos por el Cambio. No cay\u00f3 bien que se hayan desmarcado la coalici\u00f3n y presenten un proyecto que reduce la fuerza pol\u00edtica de la oposici\u00f3n en el Parlamento.<\/p>\n<p>\u201cFuimos avisados, no consultados. No lo compartimos. No tenemos posici\u00f3n sobre c\u00f3mo vamos a votar hasta que venga el acuerdo completo al Congreso\u201d, se\u00f1alaron a este medio desde el PRO. En el radicalismo el posicionamiento fue similar. Prefieren tratar el tema en el recinto.<\/p>\n<p>En la Coalici\u00f3n C\u00edvica buscaron tambi\u00e9n desmarcarse del ala m\u00e1s dura del Juntos por el Cambio que ha manifestado la posibilidad de abstenerse o, de m\u00ednima, especular con la interna del Frente de Todos y, en base a como vayan a votar, definir una estrategia parlamentaria nueva.<\/p>\n<p>En la fuerza de Carri\u00f3 ese razonamiento no es viable. \u201cNosotros no especulamos con este tema. Es una cuesti\u00f3n de principios. No queremos que Argentina caiga en un default\u201d, sostuvo una voz de peso del partido.<\/p>\n<p>\u201cAnte la fragilidad actual del pa\u00eds y la incertidumbre que se vive dentro del Parlamento, aportamos este proyecto como una herramienta de \u00faltima instancia para prevenir un da\u00f1o mayor y definitivo a la econom\u00eda: la entrada en default y ser un pa\u00eds inviable\u201d, describi\u00f3 el comunicado difundido por la Coalici\u00f3n C\u00edvica. Ese fue el esp\u00edritu.<\/p>\n<p>En el ala dura del PRO hubo manifestaciones p\u00fablicas concretas que mostraron el malestar. El diputado Fernando Iglesias marc\u00f3 su posici\u00f3n en las redes sociales a trav\u00e9s de una chicana. \u201cPas\u00f3 De la R\u00faa y dijo que le hubiera gustado tener tanto apoyo\u201d, sostuvo. Un reflejo del aumento de temperatura que hubo en la coalici\u00f3n opositora.<\/p>\n","protected":false},"excerpt":{"rendered":"<p>La fuerza pol\u00edtica que conduce Elisa Carri\u00f3 propuso que el acuerdo no pase por el Parlamento, para evitar que se empantane el tratamiento y Argentina pueda caer en default si no avanza &nbsp; &nbsp; El gobierno nacional desestim\u00f3 el proyecto presentado por la Coalici\u00f3n C\u00edvica ayer por la tarde para evitar que el acuerdo con el Fondo Monetario Internacional (FMI) pase por el Congreso, se dificulte su aprobaci\u00f3n y Argentina caiga en un default. La iniciativa de la fuerza pol\u00edtica que conduce Elisa Carri\u00f3 buscaba evitar que el acuerdo caiga&#8230;<\/p>\n","protected":false},"author":3,"featured_media":81751,"comment_status":"closed","ping_status":"closed","sticky":false,"template":"","format":"standard","meta":[],"categories":[18],"tags":[],"_links":{"self":[{"href":"https:\/\/www.actualidadadiario.com\/index.php\/wp-json\/wp\/v2\/posts\/82828"}],"collection":[{"href":"https:\/\/www.actualidadadiario.com\/index.php\/wp-json\/wp\/v2\/posts"}],"about":[{"href":"https:\/\/www.actualidadadiario.com\/index.php\/wp-json\/wp\/v2\/types\/post"}],"author":[{"embeddable":true,"href":"https:\/\/www.actualidadadiario.com\/index.php\/wp-json\/wp\/v2\/users\/3"}],"replies":[{"embeddable":true,"href":"https:\/\/www.actualidadadiario.com\/index.php\/wp-json\/wp\/v2\/comments?post=82828"}],"version-history":[{"count":1,"href":"https:\/\/www.actualidadadiario.com\/index.php\/wp-json\/wp\/v2\/posts\/82828\/revisions"}],"predecessor-version":[{"id":82829,"href":"https:\/\/www.actualidadadiario.com\/index.php\/wp-json\/wp\/v2\/posts\/82828\/revisions\/82829"}],"wp:featuredmedia":[{"embeddable":true,"href":"https:\/\/www.actualidadadiario.com\/index.php\/wp-json\/wp\/v2\/media\/81751"}],"wp:attachment":[{"href":"https:\/\/www.actualidadadiario.com\/index.php\/wp-json\/wp\/v2\/media?parent=82828"}],"wp:term":[{"taxonomy":"category","embeddable":true,"href":"https:\/\/www.actualidadadiario.com\/index.php\/wp-json\/wp\/v2\/categories?post=82828"},{"taxonomy":"post_tag","embeddable":true,"href":"https:\/\/www.actualidadadiario.com\/index.php\/wp-json\/wp\/v2\/tags?post=82828"}],"curies":[{"name":"wp","href":"https:\/\/api.w.org\/{rel}","templated":true}]}}