{"id":82825,"date":"2022-02-24T17:14:24","date_gmt":"2022-02-24T20:14:24","guid":{"rendered":"https:\/\/www.actualidadadiario.com\/?p=82825"},"modified":"2022-02-24T17:14:24","modified_gmt":"2022-02-24T20:14:24","slug":"el-gobierno-rechaza-el-uso-de-la-fuerza-y-llama-a-rusia-a-cesar-las-acciones-militares-en-ucrania","status":"publish","type":"post","link":"https:\/\/www.actualidadadiario.com\/index.php\/2022\/02\/24\/el-gobierno-rechaza-el-uso-de-la-fuerza-y-llama-a-rusia-a-cesar-las-acciones-militares-en-ucrania\/","title":{"rendered":"El Gobierno rechaza el uso de la fuerza y llama a Rusia a cesar las acciones militares en Ucrania"},"content":{"rendered":"<p style=\"text-align: center;\"><em><strong>La Canciller\u00eda public\u00f3 un comunicado en el que se opone a la invasi\u00f3n desatada por el gobierno ruso de Vladimir Putin. &#8220;Las soluciones justas y duraderas s\u00f3lo se alcanzan por medio del di\u00e1logo y compromisos mutuos que aseguren la esencial convivencia pac\u00edfica&#8221;, manifestaron<\/strong><\/em><\/p>\n<p>&nbsp;<\/p>\n<p>&nbsp;<\/p>\n<p>El Gobierno argentino, a trav\u00e9s de la Canciller\u00eda, public\u00f3 un comunicado en el que expresa su &#8220;firme rechazo al uso de la fuerza armada&#8221; y llama a Rusia a &#8220;cesar las acciones militares en Ucrania&#8221;.<\/p>\n<p>La gesti\u00f3n de Alberto Fern\u00e1ndez tom\u00f3 postura sobre la \u00faltima decisi\u00f3n de Vladimir Putin de declararle la guerra a Ucrania e invadir su territorio con un impactante despliegue militar que ya pis\u00f3 Kiev y otras ciudades clave.<\/p>\n<p><em>&#8220;La Rep\u00fablica Argentina, fiel a los principios m\u00e1s esenciales de la convivencia internacional, hace su m\u00e1s firme rechazo al uso de la fuerza armada y lamenta profundamente la escalada de la situaci\u00f3n generada en Ucrania. Las soluciones justas y duraderas s\u00f3lo se alcanzan por medio del di\u00e1logo y compromisos mutuos que aseguren la esencial convivencia pac\u00edfica. Por ello llama a la Federaci\u00f3n de Rusia a cesar las acciones militares en Ucrania&#8221;,<\/em> manifiesta el \u00e1rea diplom\u00e1tica que conduce el canciller Santiago Cafiero.<\/p>\n<p>La publicaci\u00f3n tambi\u00e9n fue le\u00edda en vivo por la portavoz de la presidencia, Gabriela Cerrutti, en su habitual conferencia de prensa de los jueves<em>. &#8220;Pretendemos no mezclar los temas. Argentina sostiene su posici\u00f3n hist\u00f3rica de bregar por la paz. Estamos siendo muy contundentes&#8221;<\/em>, agreg\u00f3 la comunicadora del Gobierno.<\/p>\n<p>A su vez, Canciller\u00eda <em>&#8220;reitera la necesidad del pleno apego a todos los principios consagrados en la Carta de las Naciones Unidas, sin ambig\u00fcedades ni dando preeminencia a unos sobre otros, con pleno respeto del derecho internacional, a la soberan\u00eda de los estados y su integridad territorial, la soluci\u00f3n pac\u00edfica de las controversias y el pleno y profundo respeto por los derechos humanos&#8221;.<\/em><\/p>\n<p>Por \u00faltimo, el Gobierno dijo que <em>&#8220;reafirma su compromiso y confianza en que puedan activarse para ello todos los mecanismos de la comunidad internacional, con activa participaci\u00f3n de las Naciones Unidas. La intensificaci\u00f3n de los vientos de guerra dificulta gravemente el objetivo impostergable de preservar la vida, es imprescindible que todos los involucrados act\u00faen con la mayor prudencia y desescalar ya mismo el conflicto en todas sus aristas para garantizar la paz y la seguridad integral de todas las naciones&#8221;.<\/em><\/p>\n<p>&nbsp;<\/p>\n<p><strong>Las declaraciones de Cerrutti<\/strong><\/p>\n<p>La portavoz de la Presidencia fue la primera voz oficial en exteriorizar la postura p\u00fablica del Gobierno sobre la invasi\u00f3n de Rusia en Ucrania. <em>&#8220;No vamos a apoyar ninguna guerra, empezada por ning\u00fan pa\u00eds, en ninguna parte del mundo&#8221;,<\/em> dijo la funcionaria.<\/p>\n<p>Al ser consultada por los periodistas acreditados en la Casa de Gobierno, la funcionaria explic\u00f3 que <em>\u201cla Argentina sostiene su posici\u00f3n hist\u00f3rica de bregar por la paz, como toda Latinoam\u00e9rica, que es tierra de paz y brega por el cese de los conflictos. Este es un tema en el cual estamos siendo muy contundentes\u201d.<\/em><\/p>\n<p><em>\u201cEsta es una situaci\u00f3n que no afecta a la relaci\u00f3n de Argentina y Rusia, sino al mundo en su conjunto, y por lo tanto es una situaci\u00f3n que nos preocupa y que nos compromete en su resoluci\u00f3n\u201d,<\/em> a\u00f1adi\u00f3 Cerruti.<\/p>\n<p>Detall\u00f3 que en Ucrania viven 83 residentes argentinos y hay 20 m\u00e1s que est\u00e1n en tr\u00e1nsito, y explic\u00f3 que la Embajada argentina en ese pa\u00eds <em>\u201cse est\u00e1 haciendo cargo de monitorear la situaci\u00f3n de todos ellos\u201d.<\/em><\/p>\n<p>Al responder por las implicancias de la guerra para el pa\u00eds, se\u00f1al\u00f3 que <em>\u201ctodo conflicto trae dificultades econ\u00f3micas\u201d, <\/em>y subray\u00f3 que <em>\u201cel precio del gas y del petr\u00f3leo traer\u00e1n un nuevo escenario econ\u00f3mico del que nos haremos cargo\u201d.<\/em><\/p>\n<p><em>\u201cNo vamos a apoyar ninguna guerra, empezada por ning\u00fan pa\u00eds, en ninguna parte del mundo\u201d,<\/em> ratific\u00f3.<\/p>\n<p>&nbsp;<\/p>\n<p><strong>El rechazo de Sergio Massa a la invasi\u00f3n rusa<\/strong><\/p>\n<p>El presidente de la C\u00e1mara de Diputados fue otro de los que se opuso a la intervenci\u00f3n militar y asegur\u00f3 que <em>&#8220;el ataque e invasi\u00f3n ejecutado por Rusia en las \u00faltimas horas constituye, no s\u00f3lo uno de los hechos m\u00e1s graves de las \u00faltimas d\u00e9cadas, sino que adem\u00e1s pone en peligro a todo el pueblo ucraniano, a Europa y desestabiliza al resto del mundo&#8221;.<\/em><\/p>\n<p>Desde su cuenta de Twitter, en un discurso todav\u00eda m\u00e1s fuerte que el del Gobierno, lanz\u00f3: <em>&#8220;Condenamos en\u00e9rgicamente la agresi\u00f3n unilateral ordenada por el presidente ruso Vladimir Putin y solicitamos a Mosc\u00fa cesar las hostilidades que desequilibran el fr\u00e1gil escenario internacional, librando un conflicto cuyo costo en vidas ser\u00eda incalculable&#8221;.<\/em><\/p>\n<p><em>&#8220;La historia ense\u00f1a que cuando los pa\u00edses act\u00faan siguiendo los impulsos de algunos l\u00edderes sin atender principios democr\u00e1ticos, de respeto de las soberan\u00edas y los derechos humanos, las consecuencias suelen ser dram\u00e1ticas generando heridas que tardan d\u00e9cadas en cicatrizar y curar&#8221;,<\/em> agreg\u00f3.<\/p>\n<p>Y por \u00faltimo, expres\u00f3: <em>&#8220;Argentina como Naci\u00f3n democr\u00e1tica, comprometida y respetuosa de los DD.HH. debe liderar en Am\u00e9rica Latina la idea de levantar las banderas de la paz y la democracia&#8221;.<\/em><\/p>\n","protected":false},"excerpt":{"rendered":"<p>La Canciller\u00eda public\u00f3 un comunicado en el que se opone a la invasi\u00f3n desatada por el gobierno ruso de Vladimir Putin. &#8220;Las soluciones justas y duraderas s\u00f3lo se alcanzan por medio del di\u00e1logo y compromisos mutuos que aseguren la esencial convivencia pac\u00edfica&#8221;, manifestaron &nbsp; &nbsp; El Gobierno argentino, a trav\u00e9s de la Canciller\u00eda, public\u00f3 un comunicado en el que expresa su &#8220;firme rechazo al uso de la fuerza armada&#8221; y llama a Rusia a &#8220;cesar las acciones militares en Ucrania&#8221;. La gesti\u00f3n de Alberto Fern\u00e1ndez tom\u00f3 postura sobre la \u00faltima&#8230;<\/p>\n","protected":false},"author":3,"featured_media":82826,"comment_status":"closed","ping_status":"closed","sticky":false,"template":"","format":"standard","meta":[],"categories":[18],"tags":[],"_links":{"self":[{"href":"https:\/\/www.actualidadadiario.com\/index.php\/wp-json\/wp\/v2\/posts\/82825"}],"collection":[{"href":"https:\/\/www.actualidadadiario.com\/index.php\/wp-json\/wp\/v2\/posts"}],"about":[{"href":"https:\/\/www.actualidadadiario.com\/index.php\/wp-json\/wp\/v2\/types\/post"}],"author":[{"embeddable":true,"href":"https:\/\/www.actualidadadiario.com\/index.php\/wp-json\/wp\/v2\/users\/3"}],"replies":[{"embeddable":true,"href":"https:\/\/www.actualidadadiario.com\/index.php\/wp-json\/wp\/v2\/comments?post=82825"}],"version-history":[{"count":1,"href":"https:\/\/www.actualidadadiario.com\/index.php\/wp-json\/wp\/v2\/posts\/82825\/revisions"}],"predecessor-version":[{"id":82827,"href":"https:\/\/www.actualidadadiario.com\/index.php\/wp-json\/wp\/v2\/posts\/82825\/revisions\/82827"}],"wp:featuredmedia":[{"embeddable":true,"href":"https:\/\/www.actualidadadiario.com\/index.php\/wp-json\/wp\/v2\/media\/82826"}],"wp:attachment":[{"href":"https:\/\/www.actualidadadiario.com\/index.php\/wp-json\/wp\/v2\/media?parent=82825"}],"wp:term":[{"taxonomy":"category","embeddable":true,"href":"https:\/\/www.actualidadadiario.com\/index.php\/wp-json\/wp\/v2\/categories?post=82825"},{"taxonomy":"post_tag","embeddable":true,"href":"https:\/\/www.actualidadadiario.com\/index.php\/wp-json\/wp\/v2\/tags?post=82825"}],"curies":[{"name":"wp","href":"https:\/\/api.w.org\/{rel}","templated":true}]}}