{"id":8282,"date":"2017-03-10T10:53:55","date_gmt":"2017-03-10T13:53:55","guid":{"rendered":"http:\/\/actualidadadiario.com\/site\/?p=8282"},"modified":"2017-03-10T10:53:55","modified_gmt":"2017-03-10T13:53:55","slug":"tras-la-fuerte-denuncia-de-milagro-sala-contra-morales-el-juez-se-declaro-incompetente","status":"publish","type":"post","link":"https:\/\/www.actualidadadiario.com\/index.php\/2017\/03\/10\/tras-la-fuerte-denuncia-de-milagro-sala-contra-morales-el-juez-se-declaro-incompetente\/","title":{"rendered":"Tras la fuerte denuncia de Milagro Sala contra Morales, el juez se declar\u00f3 &#8220;incompetente&#8221;"},"content":{"rendered":"<p><em><strong>La l\u00edder de Tupac Amaru, detenida hace m\u00e1s de un a\u00f1o, denunci\u00f3 al gobernador de Jujuy, Gerardo Morales, y al secretario de DDHH, Leandro Despouy, por un intercambio de correos electr\u00f3nicos en el que habr\u00edan acordado los argumentos para justificar su prisi\u00f3n preventiva ante la Comisi\u00f3n Interamericana de Derechos Humanos. El juez Juli\u00e1n Ercolini se declar\u00f3 incompetente<\/strong><\/em><\/p>\n<p>&nbsp;<\/p>\n<p>&nbsp;<\/p>\n<p>&nbsp;<\/p>\n<p>&nbsp;<\/p>\n<p>&nbsp;<\/p>\n<p>Sala, denunci\u00f3 al gobernador de Jujuy, Gerardo Morales; y al secretario de Derechos Humanos de la Canciller\u00eda, Leandro Despouy; entre otros, por un supuesto intercambio de correos electr\u00f3nicos en el que habr\u00edan acordado los argumentos para justificar su prisi\u00f3n preventiva ante la Comisi\u00f3n Interamericana de Derechos Humanos.<\/p>\n<p>&nbsp;<\/p>\n<p>La denuncia fue presentada ante la justicia federal porte\u00f1a y recay\u00f3 en el juzgado de Juli\u00e1n Ercolini quien se declar\u00f3 incompetente y ten\u00eda previsto enviar la demanda a la justicia de Jujuy, seg\u00fan informaron fuentes judiciales a la agencia T\u00e9lam.<\/p>\n<p>&nbsp;<\/p>\n<p>En la denuncia presentada por la abogada de Sala, Elizabeth G\u00f3mez Alcorta, se aludi\u00f3 a supuestos intercambios de correos electr\u00f3nicos entre todos los se\u00f1alados para &#8220;coordinar&#8221; una presentaci\u00f3n ante la CIDH y &#8220;justificar la prisi\u00f3n preventiva&#8221; dictada a la dirigente juje\u00f1a.<\/p>\n<p>&nbsp;<\/p>\n<p>Con respecto a la denuncia de Milagro Sala contra el Morales y Despouy, por delinear una estrategia para legitimar su detenci\u00f3n ante la visita de la CIDH, el Gobernador respondi\u00f3 a T\u00e9lam que todav\u00eda no recibi\u00f3 ninguna notificaci\u00f3n de la demanda.<\/p>\n<p>&nbsp;<\/p>\n<p>En tanto, Despouy dijo que niega &#8220;terminantemente haber participado en actividades tendientes a interferir en la visita que pr\u00f3ximamente realizara la CIDH en la Argentina&#8221;. &#8220;Tambi\u00e9n niego haber mantenido reuniones a ese efecto con funcionarios de Jujuy, o con testigos vinculados a la causa&#8221;, a\u00f1adi\u00f3.<\/p>\n<p>&nbsp;<\/p>\n<p>Adem\u00e1s, el secretario de Derechos Humanos de la Canciller\u00eda justific\u00f3: &#8220;cuando he sido requerido por mis funciones en la Canciller\u00eda, en vistas a llevar adelante entrevistas con la CIDH, en todos los casos he se\u00f1alado que dichas gestiones deben ser realizadas directamente ante la CIDH, que cuenta con un sistema de procedimientos propios para recibir testimonios tanto de las v\u00edctimas y como de las Organizaciones de la Sociedad Civil&#8221;.<\/p>\n<p>&nbsp;<\/p>\n<p>Despouy se\u00f1alo adem\u00e1s &#8220;que la CIDH cuenta con una vasta experiencia en la visita a pa\u00edses que la pone a resguardo de cualquier tipo de interferencias, tanto de autoridades nacionales como provinciales, querellantes, fiscales o defensores, y debemos tener la garant\u00eda de que en su visita decidir\u00e1, como siempre, su propia agenda de actividades como as\u00ed tambi\u00e9n las personas y entidades a las que deber\u00e1 recibir&#8221;.<\/p>\n<p>&nbsp;<\/p>\n<p>La denuncia de la abogada de Sala alcanza a Morales, Despouy, la presidenta del Superior Tribunal de Justicia de Jujuy, Clara De Langhe de Falcone;el fiscal de Estado de Jujuy, Mariano Miranda y el apoderado del gobernador, Federico Wagner.<\/p>\n","protected":false},"excerpt":{"rendered":"<p>La l\u00edder de Tupac Amaru, detenida hace m\u00e1s de un a\u00f1o, denunci\u00f3 al gobernador de Jujuy, Gerardo Morales, y al secretario de DDHH, Leandro Despouy, por un intercambio de correos electr\u00f3nicos en el que habr\u00edan acordado los argumentos para justificar su prisi\u00f3n preventiva ante la Comisi\u00f3n Interamericana de Derechos Humanos. El juez Juli\u00e1n Ercolini se declar\u00f3 incompetente &nbsp; &nbsp; &nbsp; &nbsp; &nbsp; Sala, denunci\u00f3 al gobernador de Jujuy, Gerardo Morales; y al secretario de Derechos Humanos de la Canciller\u00eda, Leandro Despouy; entre otros, por un supuesto intercambio de correos electr\u00f3nicos&#8230;<\/p>\n","protected":false},"author":3,"featured_media":8283,"comment_status":"closed","ping_status":"closed","sticky":false,"template":"","format":"standard","meta":[],"categories":[9,18],"tags":[],"_links":{"self":[{"href":"https:\/\/www.actualidadadiario.com\/index.php\/wp-json\/wp\/v2\/posts\/8282"}],"collection":[{"href":"https:\/\/www.actualidadadiario.com\/index.php\/wp-json\/wp\/v2\/posts"}],"about":[{"href":"https:\/\/www.actualidadadiario.com\/index.php\/wp-json\/wp\/v2\/types\/post"}],"author":[{"embeddable":true,"href":"https:\/\/www.actualidadadiario.com\/index.php\/wp-json\/wp\/v2\/users\/3"}],"replies":[{"embeddable":true,"href":"https:\/\/www.actualidadadiario.com\/index.php\/wp-json\/wp\/v2\/comments?post=8282"}],"version-history":[{"count":1,"href":"https:\/\/www.actualidadadiario.com\/index.php\/wp-json\/wp\/v2\/posts\/8282\/revisions"}],"predecessor-version":[{"id":8284,"href":"https:\/\/www.actualidadadiario.com\/index.php\/wp-json\/wp\/v2\/posts\/8282\/revisions\/8284"}],"wp:featuredmedia":[{"embeddable":true,"href":"https:\/\/www.actualidadadiario.com\/index.php\/wp-json\/wp\/v2\/media\/8283"}],"wp:attachment":[{"href":"https:\/\/www.actualidadadiario.com\/index.php\/wp-json\/wp\/v2\/media?parent=8282"}],"wp:term":[{"taxonomy":"category","embeddable":true,"href":"https:\/\/www.actualidadadiario.com\/index.php\/wp-json\/wp\/v2\/categories?post=8282"},{"taxonomy":"post_tag","embeddable":true,"href":"https:\/\/www.actualidadadiario.com\/index.php\/wp-json\/wp\/v2\/tags?post=8282"}],"curies":[{"name":"wp","href":"https:\/\/api.w.org\/{rel}","templated":true}]}}