{"id":82819,"date":"2022-02-24T17:12:57","date_gmt":"2022-02-24T20:12:57","guid":{"rendered":"https:\/\/www.actualidadadiario.com\/?p=82819"},"modified":"2022-02-24T17:12:57","modified_gmt":"2022-02-24T20:12:57","slug":"dario-martinez-aseguro-que-las-tarifas-se-mantendran-por-debajo-de-los-salarios","status":"publish","type":"post","link":"https:\/\/www.actualidadadiario.com\/index.php\/2022\/02\/24\/dario-martinez-aseguro-que-las-tarifas-se-mantendran-por-debajo-de-los-salarios\/","title":{"rendered":"Dar\u00edo Mart\u00ednez asegur\u00f3 que las tarifas se mantendr\u00e1n por debajo de los salarios"},"content":{"rendered":"<p style=\"text-align: center;\"><em><strong>El secretario de Energ\u00eda explic\u00f3 que la suba del gas tendr\u00e1 un impacto del &#8220;20% en las facturas residenciales&#8221;, en tanto que el ajuste de la electricidad en el AMBA &#8220;ser\u00e1 del 22%&#8221;<\/strong><\/em><\/p>\n<p>&nbsp;<\/p>\n<p>&nbsp;<\/p>\n<p>El secretario de Energ\u00eda, Dar\u00edo Mart\u00ednez, asegur\u00f3 este jueves que tiene la responsabilidad de mantener las tarifas de energ\u00eda por debajo del ingreso salarial de los argentinos.<\/p>\n<p>&#8220;Tengo el mandato del presidente Alberto Fern\u00e1ndez y la vicepresidenta Cristina Fern\u00e1ndez de Kirchner que la evoluci\u00f3n de las tarifas tiene que ir por debajo de los salarios&#8221;, se\u00f1al\u00f3 Mart\u00ednez esta ma\u00f1ana en declaraciones a Radio 10.<\/p>\n<p>En este sentido, explic\u00f3 que la suba del gas tendr\u00e1 un impacto del &#8220;20% en las facturas residenciales&#8221;, en tanto que el ajuste de la electricidad en el AMBA &#8220;ser\u00e1 del 22%&#8221;.<\/p>\n<p>&#8220;Lo importante es que evolucione por debajo del bolsillo y los salarios, y no tengo otra indicaci\u00f3n&#8221; respecto de incrementos adicionales a lo largo del a\u00f1o, indic\u00f3 el secretario de Energ\u00eda de la Naci\u00f3n.<\/p>\n<p>Mart\u00ednez destac\u00f3 la importancia de avanzar en la construcci\u00f3n del gasoducto N\u00e9stor Kirchner, que a su juicio no s\u00f3lo &#8220;permitir\u00e1 dejar de importar GNL, sino que tendr\u00e1 un impacto important\u00edsimo&#8221; en la producci\u00f3n de gas de Vaca Muerta.<\/p>\n<p>&#8220;Ya se public\u00f3 la licitaci\u00f3n del primer tramo del gasoducto y tiene que estar conectado en el invierno de 2023&#8221;, concluy\u00f3 el secretario de Energ\u00eda, Dar\u00edo Mart\u00ednez.<\/p>\n<p>La empresa Integraci\u00f3n Energ\u00e9tica Argentina (Ieasa) convoc\u00f3 el mi\u00e9rcoles a la licitaci\u00f3n que permitir\u00e1 adquirir las tuber\u00edas para la construcci\u00f3n del primer tramo del nuevo gasoducto troncal N\u00e9stor Kirchner, que en un tramo de 656 kil\u00f3metros se extender\u00e1 desde la localidad neuquina de Tratay\u00e9n, en cercan\u00edas de la formaci\u00f3n de Vaca Muerta, hasta Saliquel\u00f3, al oeste de Buenos Aires.<\/p>\n<p>El llamado a licitaci\u00f3n tiene por objeto la adquisici\u00f3n de 656 kil\u00f3metros de tuber\u00edas para la construcci\u00f3n de la primera etapa del Programa Transporte.Ar, que abarca al Gasoducto Presidente N\u00e9stor Kirchner y obras complementarias.<\/p>\n","protected":false},"excerpt":{"rendered":"<p>El secretario de Energ\u00eda explic\u00f3 que la suba del gas tendr\u00e1 un impacto del &#8220;20% en las facturas residenciales&#8221;, en tanto que el ajuste de la electricidad en el AMBA &#8220;ser\u00e1 del 22%&#8221; &nbsp; &nbsp; El secretario de Energ\u00eda, Dar\u00edo Mart\u00ednez, asegur\u00f3 este jueves que tiene la responsabilidad de mantener las tarifas de energ\u00eda por debajo del ingreso salarial de los argentinos. &#8220;Tengo el mandato del presidente Alberto Fern\u00e1ndez y la vicepresidenta Cristina Fern\u00e1ndez de Kirchner que la evoluci\u00f3n de las tarifas tiene que ir por debajo de los salarios&#8221;,&#8230;<\/p>\n","protected":false},"author":3,"featured_media":82820,"comment_status":"closed","ping_status":"closed","sticky":false,"template":"","format":"standard","meta":[],"categories":[18],"tags":[],"_links":{"self":[{"href":"https:\/\/www.actualidadadiario.com\/index.php\/wp-json\/wp\/v2\/posts\/82819"}],"collection":[{"href":"https:\/\/www.actualidadadiario.com\/index.php\/wp-json\/wp\/v2\/posts"}],"about":[{"href":"https:\/\/www.actualidadadiario.com\/index.php\/wp-json\/wp\/v2\/types\/post"}],"author":[{"embeddable":true,"href":"https:\/\/www.actualidadadiario.com\/index.php\/wp-json\/wp\/v2\/users\/3"}],"replies":[{"embeddable":true,"href":"https:\/\/www.actualidadadiario.com\/index.php\/wp-json\/wp\/v2\/comments?post=82819"}],"version-history":[{"count":1,"href":"https:\/\/www.actualidadadiario.com\/index.php\/wp-json\/wp\/v2\/posts\/82819\/revisions"}],"predecessor-version":[{"id":82821,"href":"https:\/\/www.actualidadadiario.com\/index.php\/wp-json\/wp\/v2\/posts\/82819\/revisions\/82821"}],"wp:featuredmedia":[{"embeddable":true,"href":"https:\/\/www.actualidadadiario.com\/index.php\/wp-json\/wp\/v2\/media\/82820"}],"wp:attachment":[{"href":"https:\/\/www.actualidadadiario.com\/index.php\/wp-json\/wp\/v2\/media?parent=82819"}],"wp:term":[{"taxonomy":"category","embeddable":true,"href":"https:\/\/www.actualidadadiario.com\/index.php\/wp-json\/wp\/v2\/categories?post=82819"},{"taxonomy":"post_tag","embeddable":true,"href":"https:\/\/www.actualidadadiario.com\/index.php\/wp-json\/wp\/v2\/tags?post=82819"}],"curies":[{"name":"wp","href":"https:\/\/api.w.org\/{rel}","templated":true}]}}