{"id":82816,"date":"2022-02-24T17:12:15","date_gmt":"2022-02-24T20:12:15","guid":{"rendered":"https:\/\/www.actualidadadiario.com\/?p=82816"},"modified":"2022-02-24T17:12:15","modified_gmt":"2022-02-24T20:12:15","slug":"el-presidente-viaja-manana-a-corrientes-y-recorrera-con-el-gobernador-las-zonas-afectadas","status":"publish","type":"post","link":"https:\/\/www.actualidadadiario.com\/index.php\/2022\/02\/24\/el-presidente-viaja-manana-a-corrientes-y-recorrera-con-el-gobernador-las-zonas-afectadas\/","title":{"rendered":"El Presidente viaja ma\u00f1ana a Corrientes y recorrer\u00e1 con el gobernador las zonas afectadas"},"content":{"rendered":"<p style=\"text-align: center;\"><em><strong>El presidente Alberto Fern\u00e1ndez viajar\u00e1 este viernes a Corrientes, donde recorrer\u00e1 las zonas afectadas por los incendios, seg\u00fan anunci\u00f3 este mi\u00e9rcoles el gobernador de la provincia, Gustavo Vald\u00e9s, a trav\u00e9s de las redes sociales, informaci\u00f3n que fue confirmada por fuentes oficiales<\/strong><\/em><\/p>\n<p>&nbsp;<\/p>\n<p>&nbsp;<\/p>\n<p>\u00abEl presidente de la Naci\u00f3n, Alberto Fern\u00e1ndez, me confirm\u00f3 que el viernes 25 de febrero estar\u00e1 en Corrientes. Juntos recorremos distintas zonas afectadas por los incendios\u00bb, escribi\u00f3 Gustavo Vald\u00e9s en su cuenta de Twitter.<\/p>\n<p>De esta manera, la visita de Fern\u00e1ndez se sumar\u00e1 a la de otros funcionarios nacionales que vienen recorriendo la zona en los \u00faltimos d\u00edas, como el ministro de Ambiente y Desarrollo Sostenible, Juan Cabandi\u00e9, el de Agricultura, Juli\u00e1n Dom\u00ednguez, y el vicejefe de Gabinete Jorge Neme.<\/p>\n<p>El Gobierno nacional, en articulaci\u00f3n con autoridades provinciales, tiene previsto \u00abuna serie de medidas para dar respuesta a la emergencia provocada por el avance del fuego en la provincia, mediante el env\u00edo de brigadistas, maquinaria pesada, helic\u00f3pteros y aviones hidrantes\u00bb, agregaron los voceros.<\/p>\n<p>Por su parte, el Ministerio de Ambiente y Desarrollo Sostenible destinar\u00e1 300 millones de pesos a Corrientes para fortalecer la adquisici\u00f3n de equipamiento para las brigadas provinciales y satisfacer demandas log\u00edsticas del operativo de combate a los incendios en curso en la provincia, se inform\u00f3 ayer.<\/p>\n<p>As\u00ed lo acord\u00f3 Cabandi\u00e9 durante un encuentro con el gobernador Gustavo Vald\u00e9s en la Casa de Gobierno de la provincia.<\/p>\n<p>Ayer, el Presidente se reuni\u00f3 con el senador nacional de Corrientes por el Frente de Todos (FdT) Carlos \u00abCamau\u00bb Esp\u00ednola, quien asegur\u00f3 -en declaraciones a T\u00e9lam Radio- que el jefe de Estado est\u00e1 \u00abcomprometido en dar soluciones\u00bb ante los incendios forestales que afectan a esa provincia, y afirm\u00f3 que la ciudadan\u00eda \u00abquiere soluciones y no discusiones pol\u00edticas\u00bb ante la situaci\u00f3n que afecta a ese jurisdicci\u00f3n.<\/p>\n<p>Adem\u00e1s, cont\u00f3 que en el encuentro que tuvo ayer con el Presidente, Fern\u00e1ndez le pidi\u00f3 que le transmitiera a los correntinos \u00abque ac\u00e1 no pasa por ver si es un sector pol\u00edtico o el otro\u00bb el que se beneficia con llevar soluciones, y asegur\u00f3 que desde el Gobierno \u00abqueremos dar respuestas y trabajar de manera eficiente\u00bb.<\/p>\n<p>De acuerdo con el reporte diario del ministerio de Ambiente y Desarrollo Sostenible, esta ma\u00f1ana diez focos de incendios continuaban activos en Corrientes, en los departamentos de Concepci\u00f3n III, San Miguel, Curuz\u00fa Cuati\u00e1, Ituzaing\u00f3, Santo Tom\u00e9, Loreto, Virasoro, Alvear, Carlos Pellegrini y en la capital correntina.<\/p>\n<p>All\u00ed trabajaban 170 brigadistas con el apoyo de cinco aviones hidrantes, otro avi\u00f3n observador y cuatro helic\u00f3pteros pertenecientes al SNMF, Ministerio de Defensa y Polic\u00eda Federal, adem\u00e1s de ocho autobombas, entre otro equipamiento.<\/p>\n","protected":false},"excerpt":{"rendered":"<p>El presidente Alberto Fern\u00e1ndez viajar\u00e1 este viernes a Corrientes, donde recorrer\u00e1 las zonas afectadas por los incendios, seg\u00fan anunci\u00f3 este mi\u00e9rcoles el gobernador de la provincia, Gustavo Vald\u00e9s, a trav\u00e9s de las redes sociales, informaci\u00f3n que fue confirmada por fuentes oficiales &nbsp; &nbsp; \u00abEl presidente de la Naci\u00f3n, Alberto Fern\u00e1ndez, me confirm\u00f3 que el viernes 25 de febrero estar\u00e1 en Corrientes. Juntos recorremos distintas zonas afectadas por los incendios\u00bb, escribi\u00f3 Gustavo Vald\u00e9s en su cuenta de Twitter. De esta manera, la visita de Fern\u00e1ndez se sumar\u00e1 a la de otros&#8230;<\/p>\n","protected":false},"author":3,"featured_media":82817,"comment_status":"closed","ping_status":"closed","sticky":false,"template":"","format":"standard","meta":[],"categories":[18],"tags":[],"_links":{"self":[{"href":"https:\/\/www.actualidadadiario.com\/index.php\/wp-json\/wp\/v2\/posts\/82816"}],"collection":[{"href":"https:\/\/www.actualidadadiario.com\/index.php\/wp-json\/wp\/v2\/posts"}],"about":[{"href":"https:\/\/www.actualidadadiario.com\/index.php\/wp-json\/wp\/v2\/types\/post"}],"author":[{"embeddable":true,"href":"https:\/\/www.actualidadadiario.com\/index.php\/wp-json\/wp\/v2\/users\/3"}],"replies":[{"embeddable":true,"href":"https:\/\/www.actualidadadiario.com\/index.php\/wp-json\/wp\/v2\/comments?post=82816"}],"version-history":[{"count":1,"href":"https:\/\/www.actualidadadiario.com\/index.php\/wp-json\/wp\/v2\/posts\/82816\/revisions"}],"predecessor-version":[{"id":82818,"href":"https:\/\/www.actualidadadiario.com\/index.php\/wp-json\/wp\/v2\/posts\/82816\/revisions\/82818"}],"wp:featuredmedia":[{"embeddable":true,"href":"https:\/\/www.actualidadadiario.com\/index.php\/wp-json\/wp\/v2\/media\/82817"}],"wp:attachment":[{"href":"https:\/\/www.actualidadadiario.com\/index.php\/wp-json\/wp\/v2\/media?parent=82816"}],"wp:term":[{"taxonomy":"category","embeddable":true,"href":"https:\/\/www.actualidadadiario.com\/index.php\/wp-json\/wp\/v2\/categories?post=82816"},{"taxonomy":"post_tag","embeddable":true,"href":"https:\/\/www.actualidadadiario.com\/index.php\/wp-json\/wp\/v2\/tags?post=82816"}],"curies":[{"name":"wp","href":"https:\/\/api.w.org\/{rel}","templated":true}]}}