{"id":82813,"date":"2022-02-24T17:11:31","date_gmt":"2022-02-24T20:11:31","guid":{"rendered":"https:\/\/www.actualidadadiario.com\/?p=82813"},"modified":"2022-02-24T17:11:31","modified_gmt":"2022-02-24T20:11:31","slug":"el-senado-de-la-nacion-designo-a-sus-autoridades","status":"publish","type":"post","link":"https:\/\/www.actualidadadiario.com\/index.php\/2022\/02\/24\/el-senado-de-la-nacion-designo-a-sus-autoridades\/","title":{"rendered":"El Senado de la Naci\u00f3n design\u00f3 a sus autoridades"},"content":{"rendered":"<p style=\"text-align: center;\"><em><strong>Por unanimidad, se ratific\u00f3 la continuidad de la mayor\u00eda de las autoridades del cuerpo, con la incorporaci\u00f3n de la senadora por Santa Fe, Carolina Losada (JxC). Antes de ello, la presidenta del senado Cristina Fern\u00e1ndez de Kirchner, le tom\u00f3 juramento al senador por Buenos Aires, Jos\u00e9 Mar\u00eda Torello (JxC)<\/strong><\/em><\/p>\n<p>&nbsp;<\/p>\n<p>&nbsp;<\/p>\n<p>&nbsp;<\/p>\n<p>La C\u00e1mara alta se reuni\u00f3 hoy en horas del mediod\u00eda para elegir a sus autoridades del nuevo periodo ordinario de sesiones que se inaugura el pr\u00f3ximo martes 1 de marzo.<\/p>\n<p>Al comenzar se definieron los d\u00edas mi\u00e9rcoles y jueves a las 14 horas para las sesiones ordinarias del a\u00f1o legislativo.<\/p>\n<p>Durante la sesi\u00f3n preparatoria, convocada oficialmente por la vicepresidenta de la Naci\u00f3n Cristina Fern\u00e1ndez de Kirchner, se ratific\u00f3 por unanimidad que la senadora por Santiago del Estero, Claudia Abdala Ledesma de Zamora (FdT) continuara como presidenta provisional del cuerpo y ser\u00e1 acompa\u00f1ada por la senadora santafesina Carolina Losada (JxC) en la vicepresidencia.<\/p>\n<p>Como vicepresidente primero tambi\u00e9n prosigue el senador por Misiones, Maurice Closs (FdT) y Guadalupe Tagliaferri (JxC), senadora por CABA, ocupar\u00e1 la vicepresidencia segunda.<\/p>\n<p>Y, por \u00faltimo, fueron confirmados Marcelo Fuentes como secretario parlamentario; Mar\u00eda Luz Alonso, como secretaria administrativa; Juan Carlos Tunessi, contin\u00faa como prosecretario parlamentario; tambi\u00e9n permanecen en sus cargos el prosecretario administrativo Mariano Cabral y el prosecretario de coordinaci\u00f3n operativa Diego Berm\u00fadez Bringue.<\/p>\n<p>Antes de la elecci\u00f3n de autoridades, asumi\u00f3 su banca el senador bonaerense Jos\u00e9 Mar\u00eda Torello (JxC), como suplente de Esteban Bullrich, quien a fines del a\u00f1o pasado decidi\u00f3 dejar su banca por motivos de salud.<\/p>\n","protected":false},"excerpt":{"rendered":"<p>Por unanimidad, se ratific\u00f3 la continuidad de la mayor\u00eda de las autoridades del cuerpo, con la incorporaci\u00f3n de la senadora por Santa Fe, Carolina Losada (JxC). Antes de ello, la presidenta del senado Cristina Fern\u00e1ndez de Kirchner, le tom\u00f3 juramento al senador por Buenos Aires, Jos\u00e9 Mar\u00eda Torello (JxC) &nbsp; &nbsp; &nbsp; La C\u00e1mara alta se reuni\u00f3 hoy en horas del mediod\u00eda para elegir a sus autoridades del nuevo periodo ordinario de sesiones que se inaugura el pr\u00f3ximo martes 1 de marzo. Al comenzar se definieron los d\u00edas mi\u00e9rcoles y&#8230;<\/p>\n","protected":false},"author":3,"featured_media":82814,"comment_status":"closed","ping_status":"closed","sticky":false,"template":"","format":"standard","meta":[],"categories":[9],"tags":[],"_links":{"self":[{"href":"https:\/\/www.actualidadadiario.com\/index.php\/wp-json\/wp\/v2\/posts\/82813"}],"collection":[{"href":"https:\/\/www.actualidadadiario.com\/index.php\/wp-json\/wp\/v2\/posts"}],"about":[{"href":"https:\/\/www.actualidadadiario.com\/index.php\/wp-json\/wp\/v2\/types\/post"}],"author":[{"embeddable":true,"href":"https:\/\/www.actualidadadiario.com\/index.php\/wp-json\/wp\/v2\/users\/3"}],"replies":[{"embeddable":true,"href":"https:\/\/www.actualidadadiario.com\/index.php\/wp-json\/wp\/v2\/comments?post=82813"}],"version-history":[{"count":1,"href":"https:\/\/www.actualidadadiario.com\/index.php\/wp-json\/wp\/v2\/posts\/82813\/revisions"}],"predecessor-version":[{"id":82815,"href":"https:\/\/www.actualidadadiario.com\/index.php\/wp-json\/wp\/v2\/posts\/82813\/revisions\/82815"}],"wp:featuredmedia":[{"embeddable":true,"href":"https:\/\/www.actualidadadiario.com\/index.php\/wp-json\/wp\/v2\/media\/82814"}],"wp:attachment":[{"href":"https:\/\/www.actualidadadiario.com\/index.php\/wp-json\/wp\/v2\/media?parent=82813"}],"wp:term":[{"taxonomy":"category","embeddable":true,"href":"https:\/\/www.actualidadadiario.com\/index.php\/wp-json\/wp\/v2\/categories?post=82813"},{"taxonomy":"post_tag","embeddable":true,"href":"https:\/\/www.actualidadadiario.com\/index.php\/wp-json\/wp\/v2\/tags?post=82813"}],"curies":[{"name":"wp","href":"https:\/\/api.w.org\/{rel}","templated":true}]}}