{"id":82810,"date":"2022-02-24T17:04:35","date_gmt":"2022-02-24T20:04:35","guid":{"rendered":"https:\/\/www.actualidadadiario.com\/?p=82810"},"modified":"2022-02-24T17:04:35","modified_gmt":"2022-02-24T20:04:35","slug":"asi-sera-el-discurso-de-alberto-fernandez-en-la-apertura-de-sesiones-del-congreso","status":"publish","type":"post","link":"https:\/\/www.actualidadadiario.com\/index.php\/2022\/02\/24\/asi-sera-el-discurso-de-alberto-fernandez-en-la-apertura-de-sesiones-del-congreso\/","title":{"rendered":"As\u00ed ser\u00e1 el discurso de Alberto Fern\u00e1ndez en la apertura de sesiones del Congreso"},"content":{"rendered":"<p style=\"text-align: center;\"><em><strong>El Presidente prepara el mensaje que dar\u00e1 el pr\u00f3ximo lunes por cadena nacional. La reactivaci\u00f3n econ\u00f3mica, la salud y el medio ambiente ser\u00e1n los ejes de los proyectos de ley<\/strong><\/em><\/p>\n<p>&nbsp;<\/p>\n<p>&nbsp;<\/p>\n<p>&nbsp;<\/p>\n<p>El 1\u00b0 de marzo se realizar\u00e1 la apertura de las sesiones ordinarias del Congreso Naci\u00f3n con un discurso del presidente Alberto Fern\u00e1ndez frente a los legisladores del oficialismo como de la oposici\u00f3n, en medio de las discusiones en torno al acuerdo con el Fondo Monetario Internacional.<\/p>\n<p>Con una transmisi\u00f3n por cadena nacional desde las 12, se espera que la apertura est\u00e9 centrada en los logros de la gesti\u00f3n y con especial \u00e9nfasis en el convenio con el FMI que llegar\u00e1 en pocas horas al Parlamento. El Presidente anunciar\u00e1 adem\u00e1s las iniciativas a debatir en las c\u00e1maras.<\/p>\n<p>El mensaje presidencial est\u00e1 siendo elaborado con la colaboraci\u00f3n del asesor presidencial Alejandro Grimson y el secretario general de la Presidencia, Julio Vitobello. El jefe de Estado abordar\u00e1 en su discurso una variada tem\u00e1tica, en la que incluir\u00e1 la bater\u00eda que proyectos de ley que auguran que sean aprobados en este per\u00edodo de sesiones. Pero la particularidad es que gran parte de las iniciativas que busca que sean aprobadas son de tinte econ\u00f3mico y presentadas el a\u00f1o pasado, aunque no pudieron ser tratadas en las extraordinarias.<\/p>\n<p>Las normas impulsadas por el equipo econ\u00f3mico est\u00e1n enfocadas en la b\u00fasqueda de inversiones, el desarrollo de los sectores productivos y la generaci\u00f3n de empleo. Entre las m\u00e1s importantes figuran: el R\u00e9gimen de Fomento Agroindustrial; la Ley de Compre Argentino; la Ley de Promoci\u00f3n de la Movilidad Sustentable \u2013conocida como automotriz-; y la Ley de Promoci\u00f3n de Inversiones Hidrocarbur\u00edferas. Todas las iniciativas fueron anunciadas el a\u00f1o pasado en las distintas c\u00e1maras, pero a\u00fan no recibieron sanci\u00f3n.<\/p>\n<p>Otros ejes que se incluir\u00e1 en el discurso estar\u00e1n enfocados en proyectos vinculados al ambiente y al desarrollo econ\u00f3mico. Tambi\u00e9n impulsar\u00e1n un Plan de Salud Mental para atender los traumas derivados de la pandemia; y un proyecto para licencias compartidas por el nacimiento de un hijo.<\/p>\n<p>Desde la Casa Rosada informaron que la alocuci\u00f3n del presidente se extender\u00e1 al menos durante una hora y media, donde ser\u00e1 secundado por la vicepresidenta Cristina Fern\u00e1ndez de Kirchner y el presidente de la C\u00e1mara de Diputados, Sergio Massa. Esta imagen ser\u00e1 la foto pol\u00edtica del d\u00eda y del a\u00f1o.<\/p>\n<p>Tras el portazo de M\u00e1ximo Kirchner a la jefatura del bloque y el regreso de Alberto de la gira por Rusia y China, ambos mandatarios mantuvieron algunos contactos telef\u00f3nicos por los detalles del acuerdo con el FMI, pero no compartieron ning\u00fan encuentro p\u00fablico.<\/p>\n<p>Los socios pol\u00edticos del Frente de Todos se vieron p\u00fablicamente por \u00faltima vez en el acto por el D\u00eda de la Democracia el pasado 10 de diciembre en la Plaza de Mayo. Luego tuvieron un cara a cara a solas, sin c\u00e1maras ni selfies, antes de fin de a\u00f1o en la quinta de Olivos.<\/p>\n","protected":false},"excerpt":{"rendered":"<p>El Presidente prepara el mensaje que dar\u00e1 el pr\u00f3ximo lunes por cadena nacional. La reactivaci\u00f3n econ\u00f3mica, la salud y el medio ambiente ser\u00e1n los ejes de los proyectos de ley &nbsp; &nbsp; &nbsp; El 1\u00b0 de marzo se realizar\u00e1 la apertura de las sesiones ordinarias del Congreso Naci\u00f3n con un discurso del presidente Alberto Fern\u00e1ndez frente a los legisladores del oficialismo como de la oposici\u00f3n, en medio de las discusiones en torno al acuerdo con el Fondo Monetario Internacional. Con una transmisi\u00f3n por cadena nacional desde las 12, se espera&#8230;<\/p>\n","protected":false},"author":3,"featured_media":82811,"comment_status":"closed","ping_status":"closed","sticky":false,"template":"","format":"standard","meta":[],"categories":[9],"tags":[],"_links":{"self":[{"href":"https:\/\/www.actualidadadiario.com\/index.php\/wp-json\/wp\/v2\/posts\/82810"}],"collection":[{"href":"https:\/\/www.actualidadadiario.com\/index.php\/wp-json\/wp\/v2\/posts"}],"about":[{"href":"https:\/\/www.actualidadadiario.com\/index.php\/wp-json\/wp\/v2\/types\/post"}],"author":[{"embeddable":true,"href":"https:\/\/www.actualidadadiario.com\/index.php\/wp-json\/wp\/v2\/users\/3"}],"replies":[{"embeddable":true,"href":"https:\/\/www.actualidadadiario.com\/index.php\/wp-json\/wp\/v2\/comments?post=82810"}],"version-history":[{"count":1,"href":"https:\/\/www.actualidadadiario.com\/index.php\/wp-json\/wp\/v2\/posts\/82810\/revisions"}],"predecessor-version":[{"id":82812,"href":"https:\/\/www.actualidadadiario.com\/index.php\/wp-json\/wp\/v2\/posts\/82810\/revisions\/82812"}],"wp:featuredmedia":[{"embeddable":true,"href":"https:\/\/www.actualidadadiario.com\/index.php\/wp-json\/wp\/v2\/media\/82811"}],"wp:attachment":[{"href":"https:\/\/www.actualidadadiario.com\/index.php\/wp-json\/wp\/v2\/media?parent=82810"}],"wp:term":[{"taxonomy":"category","embeddable":true,"href":"https:\/\/www.actualidadadiario.com\/index.php\/wp-json\/wp\/v2\/categories?post=82810"},{"taxonomy":"post_tag","embeddable":true,"href":"https:\/\/www.actualidadadiario.com\/index.php\/wp-json\/wp\/v2\/tags?post=82810"}],"curies":[{"name":"wp","href":"https:\/\/api.w.org\/{rel}","templated":true}]}}