{"id":82807,"date":"2022-02-24T17:03:44","date_gmt":"2022-02-24T20:03:44","guid":{"rendered":"https:\/\/www.actualidadadiario.com\/?p=82807"},"modified":"2022-02-24T17:03:44","modified_gmt":"2022-02-24T20:03:44","slug":"ventas-en-super-crecieron-por-septimo-mes-consecutivo-se-expandieron-53-en-diciembre","status":"publish","type":"post","link":"https:\/\/www.actualidadadiario.com\/index.php\/2022\/02\/24\/ventas-en-super-crecieron-por-septimo-mes-consecutivo-se-expandieron-53-en-diciembre\/","title":{"rendered":"Ventas en s\u00faper crecieron por s\u00e9ptimo mes consecutivo: se expandieron 5,3% en diciembre"},"content":{"rendered":"<p style=\"text-align: center;\"><em><strong>Es en la medici\u00f3n a precios constantes (descontando el efecto de la inflaci\u00f3n) respecto de mismo mes de 2020, seg\u00fan el INDEC. A precios corrientes (es decir, sin descontar la inflaci\u00f3n), las ventas treparon 58,5% anual hasta los $183.609 millones<\/strong><\/em><\/p>\n<p>&nbsp;<\/p>\n<p>&nbsp;<\/p>\n<p>Las ventas en los supermercados registraron en diciembre pasado su s\u00e9ptima mejora en forma consecutiva en t\u00e9rminos interanuales, seg\u00fan inform\u00f3 este jueves el INDEC. De acuerdo con los datos del organismo de estad\u00edsticas p\u00fablicas, la facturaci\u00f3n fue 5,3% mayor a la de diciembre de 2020, descontando el efecto de la inflaci\u00f3n.<\/p>\n<p>A precios corrientes (es decir, sin descontar la inflaci\u00f3n), las ventas treparon 58,5% anual hasta los $183.609 millones.<\/p>\n<p>En tanto, las ventas a precios constantes (descontando el efecto de la inflaci\u00f3n) durante diciembre de 2021, sumaron un total de 31.529,2 millones de pesos.<\/p>\n","protected":false},"excerpt":{"rendered":"<p>Es en la medici\u00f3n a precios constantes (descontando el efecto de la inflaci\u00f3n) respecto de mismo mes de 2020, seg\u00fan el INDEC. A precios corrientes (es decir, sin descontar la inflaci\u00f3n), las ventas treparon 58,5% anual hasta los $183.609 millones &nbsp; &nbsp; Las ventas en los supermercados registraron en diciembre pasado su s\u00e9ptima mejora en forma consecutiva en t\u00e9rminos interanuales, seg\u00fan inform\u00f3 este jueves el INDEC. De acuerdo con los datos del organismo de estad\u00edsticas p\u00fablicas, la facturaci\u00f3n fue 5,3% mayor a la de diciembre de 2020, descontando el efecto&#8230;<\/p>\n","protected":false},"author":3,"featured_media":71330,"comment_status":"closed","ping_status":"closed","sticky":false,"template":"","format":"standard","meta":[],"categories":[2],"tags":[],"_links":{"self":[{"href":"https:\/\/www.actualidadadiario.com\/index.php\/wp-json\/wp\/v2\/posts\/82807"}],"collection":[{"href":"https:\/\/www.actualidadadiario.com\/index.php\/wp-json\/wp\/v2\/posts"}],"about":[{"href":"https:\/\/www.actualidadadiario.com\/index.php\/wp-json\/wp\/v2\/types\/post"}],"author":[{"embeddable":true,"href":"https:\/\/www.actualidadadiario.com\/index.php\/wp-json\/wp\/v2\/users\/3"}],"replies":[{"embeddable":true,"href":"https:\/\/www.actualidadadiario.com\/index.php\/wp-json\/wp\/v2\/comments?post=82807"}],"version-history":[{"count":2,"href":"https:\/\/www.actualidadadiario.com\/index.php\/wp-json\/wp\/v2\/posts\/82807\/revisions"}],"predecessor-version":[{"id":82809,"href":"https:\/\/www.actualidadadiario.com\/index.php\/wp-json\/wp\/v2\/posts\/82807\/revisions\/82809"}],"wp:featuredmedia":[{"embeddable":true,"href":"https:\/\/www.actualidadadiario.com\/index.php\/wp-json\/wp\/v2\/media\/71330"}],"wp:attachment":[{"href":"https:\/\/www.actualidadadiario.com\/index.php\/wp-json\/wp\/v2\/media?parent=82807"}],"wp:term":[{"taxonomy":"category","embeddable":true,"href":"https:\/\/www.actualidadadiario.com\/index.php\/wp-json\/wp\/v2\/categories?post=82807"},{"taxonomy":"post_tag","embeddable":true,"href":"https:\/\/www.actualidadadiario.com\/index.php\/wp-json\/wp\/v2\/tags?post=82807"}],"curies":[{"name":"wp","href":"https:\/\/api.w.org\/{rel}","templated":true}]}}