{"id":82792,"date":"2022-02-24T16:57:00","date_gmt":"2022-02-24T19:57:00","guid":{"rendered":"https:\/\/www.actualidadadiario.com\/?p=82792"},"modified":"2022-02-24T16:57:00","modified_gmt":"2022-02-24T19:57:00","slug":"flexibilizan-las-condiciones-para-acceder-a-la-jubilacion-anticipada-por-desempleo","status":"publish","type":"post","link":"https:\/\/www.actualidadadiario.com\/index.php\/2022\/02\/24\/flexibilizan-las-condiciones-para-acceder-a-la-jubilacion-anticipada-por-desempleo\/","title":{"rendered":"Flexibilizan las condiciones para acceder a la jubilaci\u00f3n anticipada por desempleo"},"content":{"rendered":"<p style=\"text-align: center;\"><em><strong>El beneficio alcanza a quienes tienen 30 a\u00f1os o m\u00e1s de aportes al sistema previsional, les falte hasta 5 a\u00f1os para jubilarse y se encontraran desempleados al 30 de junio de 2021<\/strong><\/em><\/p>\n<p>&nbsp;<\/p>\n<p>&nbsp;<\/p>\n<p>&nbsp;<\/p>\n<p>El Gobierno modific\u00f3, este jueves, \u00a0algunos requisitos para acceder a la jubilaci\u00f3n anticipada por desempleo, que apunta a paliar la situaci\u00f3n de falta de trabajo y de ingresos de aquellas personas con edades avanzadas. El beneficio est\u00e1 vigente desde el a\u00f1o pasado y alcanza a quienes tienen 30 a\u00f1os o m\u00e1s de aportes al sistema previsional, les falte hasta 5 a\u00f1os para jubilarse y se encontraran desempleados al 30 de junio de 2021.<\/p>\n<p>Ahora, la Secretar\u00eda de Seguridad Social permiti\u00f3 &#8220;computar ciertos per\u00edodos en los que no se han prestado servicios o durante los cuales no exist\u00eda obligaci\u00f3n legal de ingresar cotizaciones con destino a la seguridad social, tales como el per\u00edodo de licencia legal por maternidad y el per\u00edodo durante el cual se ha percibido prestaciones por desempleo&#8221;, seg\u00fan la Resoluci\u00f3n 2\/2022, publicada en el Bolet\u00edn Oficial.<\/p>\n<p>Tambi\u00e9n se permitir\u00e1 computar como a\u00f1os de servicio los per\u00edodos amparados en esquemas de regularizaci\u00f3n de deudas previsionales &#8220;cuyas deudas hayan sido canceladas con anterioridad al 30 de junio de 2021&#8221;, seg\u00fan el texto oficial.<\/p>\n<p>Para el Poder Ejecutivo, &#8220;resulta de estricta justicia permitir computar&#8221; el per\u00edodo de licencia por maternidad &#8220;en atenci\u00f3n a que la carrera laboral de las mujeres se ve obligatoriamente interrumpida a causa de la gestaci\u00f3n por el per\u00edodo que fijan las normas respectivas, no pudiendo ello redundar en un menoscabo de sus derechos&#8221;. Adem\u00e1s, resalt\u00f3 que en las \u00faltimas d\u00e9cadas &#8220;reiterados ciclos de contracci\u00f3n de su mercado de trabajo, cursando per\u00edodos de alta desocupaci\u00f3n e informalidad laboral, situaci\u00f3n que derivara en serias dificultades econ\u00f3micas para que las personas pudieran tener continuidad en sus trayectorias contributivas a la seguridad social&#8221;.<\/p>\n<p>Por ese motivo, subray\u00f3 que la Prestaci\u00f3n por Desempleo &#8220;es una prestaci\u00f3n contributiva de la seguridad social y el tiempo de su percepci\u00f3n se computa como tiempo efectivo de servicio a los fines previsionales del r\u00e9gimen general&#8221;.<\/p>\n<p>La jubilaci\u00f3n anticipada equivale al 80% del haber calculado a la fecha de solicitud, pero en ning\u00fan caso puede resultar inferior al haber m\u00ednimo, que desde la semana que viene aumenta a $32.630. Los beneficiarios tienen derecho a los servicios que otorga el PAMI y a las asignaciones familiares. La prestaci\u00f3n tiene como objetivo &#8220;paliar la situaci\u00f3n de desempleo y falta de ingresos de un gran sector de la poblaci\u00f3n nacional con edades avanzadas, que pese a acreditar los a\u00f1os de servicios requeridos para obtener una jubilaci\u00f3n ordinaria no puede acceder a \u00e9sta por no tener cumplida la edad necesaria&#8221;, seg\u00fan el Gobierno.<\/p>\n<p>Este tipo de jubilaci\u00f3n dejar\u00e1 de ser percibida cuando se alcance la edad jubilatoria (60 a\u00f1os las mujeres y 65 los varones) y los beneficiarios pasen a cobrar el 100% del haber previsional que les corresponda.<\/p>\n","protected":false},"excerpt":{"rendered":"<p>El beneficio alcanza a quienes tienen 30 a\u00f1os o m\u00e1s de aportes al sistema previsional, les falte hasta 5 a\u00f1os para jubilarse y se encontraran desempleados al 30 de junio de 2021 &nbsp; &nbsp; &nbsp; El Gobierno modific\u00f3, este jueves, \u00a0algunos requisitos para acceder a la jubilaci\u00f3n anticipada por desempleo, que apunta a paliar la situaci\u00f3n de falta de trabajo y de ingresos de aquellas personas con edades avanzadas. El beneficio est\u00e1 vigente desde el a\u00f1o pasado y alcanza a quienes tienen 30 a\u00f1os o m\u00e1s de aportes al sistema&#8230;<\/p>\n","protected":false},"author":3,"featured_media":82362,"comment_status":"closed","ping_status":"closed","sticky":false,"template":"","format":"standard","meta":[],"categories":[9],"tags":[],"_links":{"self":[{"href":"https:\/\/www.actualidadadiario.com\/index.php\/wp-json\/wp\/v2\/posts\/82792"}],"collection":[{"href":"https:\/\/www.actualidadadiario.com\/index.php\/wp-json\/wp\/v2\/posts"}],"about":[{"href":"https:\/\/www.actualidadadiario.com\/index.php\/wp-json\/wp\/v2\/types\/post"}],"author":[{"embeddable":true,"href":"https:\/\/www.actualidadadiario.com\/index.php\/wp-json\/wp\/v2\/users\/3"}],"replies":[{"embeddable":true,"href":"https:\/\/www.actualidadadiario.com\/index.php\/wp-json\/wp\/v2\/comments?post=82792"}],"version-history":[{"count":1,"href":"https:\/\/www.actualidadadiario.com\/index.php\/wp-json\/wp\/v2\/posts\/82792\/revisions"}],"predecessor-version":[{"id":82793,"href":"https:\/\/www.actualidadadiario.com\/index.php\/wp-json\/wp\/v2\/posts\/82792\/revisions\/82793"}],"wp:featuredmedia":[{"embeddable":true,"href":"https:\/\/www.actualidadadiario.com\/index.php\/wp-json\/wp\/v2\/media\/82362"}],"wp:attachment":[{"href":"https:\/\/www.actualidadadiario.com\/index.php\/wp-json\/wp\/v2\/media?parent=82792"}],"wp:term":[{"taxonomy":"category","embeddable":true,"href":"https:\/\/www.actualidadadiario.com\/index.php\/wp-json\/wp\/v2\/categories?post=82792"},{"taxonomy":"post_tag","embeddable":true,"href":"https:\/\/www.actualidadadiario.com\/index.php\/wp-json\/wp\/v2\/tags?post=82792"}],"curies":[{"name":"wp","href":"https:\/\/api.w.org\/{rel}","templated":true}]}}