{"id":82788,"date":"2022-02-23T13:37:40","date_gmt":"2022-02-23T16:37:40","guid":{"rendered":"https:\/\/www.actualidadadiario.com\/?p=82788"},"modified":"2022-02-23T13:37:40","modified_gmt":"2022-02-23T16:37:40","slug":"agmer-debatira-en-asambleas-y-en-congreso-la-propuesta-salarial-para-el-2022","status":"publish","type":"post","link":"https:\/\/www.actualidadadiario.com\/index.php\/2022\/02\/23\/agmer-debatira-en-asambleas-y-en-congreso-la-propuesta-salarial-para-el-2022\/","title":{"rendered":"Agmer debatir\u00e1 en asambleas y en Congreso la propuesta salarial para el 2022"},"content":{"rendered":"<p style=\"text-align: center;\"><em><strong>La oferta salarial presentada el martes por el Gobierno provincial ser\u00e1 tratada primero en las asambleas escolares, luego en las asambleas resolutivas en las distintas Seccionales y por \u00faltimo en el Congreso de la entidad que se llevar\u00e1 adelante este viernes en Col\u00f3n. De all\u00ed surgir\u00e1 la posici\u00f3n respecto al ofrecimiento, que Agmer transmitir\u00e1 al Gobierno en la reuni\u00f3n paritaria prevista para el pr\u00f3ximo jueves<\/strong><\/em><\/p>\n<p>&nbsp;<\/p>\n<p>&nbsp;<\/p>\n<p>Durante la reuni\u00f3n paritaria que se desarroll\u00f3 el martes al mediod\u00eda en el Consejo General de Educaci\u00f3n (CGE), la Asociaci\u00f3n Gremial del Magisterio de Entre R\u00edos (Agmer) \u201cratific\u00f3 la postura ya expresada, al plantear una discusi\u00f3n integral sobre el salario en el \u00e1mbito paritario como m\u00e1xima instancia legal donde se define el ingreso de las y los trabajadores de la educaci\u00f3n\u201d, se inform\u00f3 desde el sindicato.<\/p>\n<p>En tal sentido, se plante\u00f3 \u201cla exigencia de una propuesta que contemple mecanismos que lleven el salario por encima de la inflaci\u00f3n\u201d. Asimismo reclam\u00f3 que \u201ctambi\u00e9n se contemple la imperiosa necesidad de recuperar el poder adquisitivo perdido en el a\u00f1o 2020\u201d.<\/p>\n<p>\u201cLa propuesta presentada por el Gobierno consiste en incrementar el salario docente en Entre R\u00edos de acuerdo a los porcentajes planteados en la Paritaria Nacional Docente considerando como piso en el caso de nuestra provincia el monto de $ 50.440 consolidado como m\u00ednimo al aplicarse la actualizaci\u00f3n salarial del 8,9% de acuerdo a los \u00edndices de inflaci\u00f3n establecidos por el IPC del INDEC que colocan los salarios en equiparaci\u00f3n con dicho \u00edndice\u201d, se precis\u00f3 desde la entidad gremial. Se indic\u00f3 que \u201cesto se har\u00e1 incrementando sobre el m\u00ednimo existente a febrero del presente a\u00f1o ($50.440) un 21,21% en marzo, un 8,08% en junio, un 8,08% en agosto, y un 8,08% en septiembre con una reapertura de la paritaria en dicho mes\u201d.<\/p>\n<p>Del encuentro participaron como miembros paritarios el secretario general de Agmer, Marcelo Pagani; la secretaria adjunta Ana Delaloye; el secretario gremial Guillermo Zampedri y Juan Carlos Crettaz.<\/p>\n","protected":false},"excerpt":{"rendered":"<p>La oferta salarial presentada el martes por el Gobierno provincial ser\u00e1 tratada primero en las asambleas escolares, luego en las asambleas resolutivas en las distintas Seccionales y por \u00faltimo en el Congreso de la entidad que se llevar\u00e1 adelante este viernes en Col\u00f3n. De all\u00ed surgir\u00e1 la posici\u00f3n respecto al ofrecimiento, que Agmer transmitir\u00e1 al Gobierno en la reuni\u00f3n paritaria prevista para el pr\u00f3ximo jueves &nbsp; &nbsp; Durante la reuni\u00f3n paritaria que se desarroll\u00f3 el martes al mediod\u00eda en el Consejo General de Educaci\u00f3n (CGE), la Asociaci\u00f3n Gremial del Magisterio&#8230;<\/p>\n","protected":false},"author":3,"featured_media":42443,"comment_status":"closed","ping_status":"closed","sticky":false,"template":"","format":"standard","meta":[],"categories":[9,15],"tags":[],"_links":{"self":[{"href":"https:\/\/www.actualidadadiario.com\/index.php\/wp-json\/wp\/v2\/posts\/82788"}],"collection":[{"href":"https:\/\/www.actualidadadiario.com\/index.php\/wp-json\/wp\/v2\/posts"}],"about":[{"href":"https:\/\/www.actualidadadiario.com\/index.php\/wp-json\/wp\/v2\/types\/post"}],"author":[{"embeddable":true,"href":"https:\/\/www.actualidadadiario.com\/index.php\/wp-json\/wp\/v2\/users\/3"}],"replies":[{"embeddable":true,"href":"https:\/\/www.actualidadadiario.com\/index.php\/wp-json\/wp\/v2\/comments?post=82788"}],"version-history":[{"count":1,"href":"https:\/\/www.actualidadadiario.com\/index.php\/wp-json\/wp\/v2\/posts\/82788\/revisions"}],"predecessor-version":[{"id":82789,"href":"https:\/\/www.actualidadadiario.com\/index.php\/wp-json\/wp\/v2\/posts\/82788\/revisions\/82789"}],"wp:featuredmedia":[{"embeddable":true,"href":"https:\/\/www.actualidadadiario.com\/index.php\/wp-json\/wp\/v2\/media\/42443"}],"wp:attachment":[{"href":"https:\/\/www.actualidadadiario.com\/index.php\/wp-json\/wp\/v2\/media?parent=82788"}],"wp:term":[{"taxonomy":"category","embeddable":true,"href":"https:\/\/www.actualidadadiario.com\/index.php\/wp-json\/wp\/v2\/categories?post=82788"},{"taxonomy":"post_tag","embeddable":true,"href":"https:\/\/www.actualidadadiario.com\/index.php\/wp-json\/wp\/v2\/tags?post=82788"}],"curies":[{"name":"wp","href":"https:\/\/api.w.org\/{rel}","templated":true}]}}