{"id":82785,"date":"2022-02-23T13:36:58","date_gmt":"2022-02-23T16:36:58","guid":{"rendered":"https:\/\/www.actualidadadiario.com\/?p=82785"},"modified":"2022-02-23T13:36:58","modified_gmt":"2022-02-23T16:36:58","slug":"rosatti-estara-en-la-apertura-formal-del-ano-judicial-en-entre-rios","status":"publish","type":"post","link":"https:\/\/www.actualidadadiario.com\/index.php\/2022\/02\/23\/rosatti-estara-en-la-apertura-formal-del-ano-judicial-en-entre-rios\/","title":{"rendered":"Rosatti estar\u00e1 en la apertura formal del A\u00f1o Judicial en Entre R\u00edos"},"content":{"rendered":"<p style=\"text-align: center;\"><em><strong>El presidente de la Corte Suprema de Justicia de la Naci\u00f3n, Horacio Rosatti, estar\u00e1 el pr\u00f3ximo viernes en Entre R\u00edos para el inicio del nuevo a\u00f1o judicial, anunci\u00f3 el Servicio de Comunicaci\u00f3n e Informaci\u00f3n del m\u00e1ximo Tribunal de Justicia provincial<\/strong><\/em><\/p>\n<p>&nbsp;<\/p>\n<p>&nbsp;<\/p>\n<p>La doctora Susana Medina, presidenta del Superior Tribunal de Justicia de Entre R\u00edos (STJER), dar\u00e1 inicio formal al A\u00f1o Judicial en la provincia. De la ceremonia participar\u00e1n autoridades judiciales, provinciales e integrantes de la magistratura de todo el pa\u00eds, detallaron.<\/p>\n<p>Durante el acto, que se desarrollar\u00e1 a partir de las 10 en el Centro Provincial de Convenciones en Paran\u00e1 (San Mart\u00edn 15), Medina dar\u00e1 a conocer los lineamientos de su gesti\u00f3n frente al STJER para el bienio 2022-2023. Ser\u00e1 transmitido por el canal de YouTube del Servicio de Informaci\u00f3n y Comunicaci\u00f3n del Poder Judicial.<\/p>\n<p>El ingreso de la prensa ser\u00e1 por la puerta principal y respetando las normas de higiene, seguridad y distanciamiento social de acuerdo a lo establecido por el protocolo Covid-19 elaborado por las autoridades sanitarias.<\/p>\n","protected":false},"excerpt":{"rendered":"<p>El presidente de la Corte Suprema de Justicia de la Naci\u00f3n, Horacio Rosatti, estar\u00e1 el pr\u00f3ximo viernes en Entre R\u00edos para el inicio del nuevo a\u00f1o judicial, anunci\u00f3 el Servicio de Comunicaci\u00f3n e Informaci\u00f3n del m\u00e1ximo Tribunal de Justicia provincial &nbsp; &nbsp; La doctora Susana Medina, presidenta del Superior Tribunal de Justicia de Entre R\u00edos (STJER), dar\u00e1 inicio formal al A\u00f1o Judicial en la provincia. De la ceremonia participar\u00e1n autoridades judiciales, provinciales e integrantes de la magistratura de todo el pa\u00eds, detallaron. Durante el acto, que se desarrollar\u00e1 a partir&#8230;<\/p>\n","protected":false},"author":3,"featured_media":82786,"comment_status":"closed","ping_status":"closed","sticky":false,"template":"","format":"standard","meta":[],"categories":[15],"tags":[],"_links":{"self":[{"href":"https:\/\/www.actualidadadiario.com\/index.php\/wp-json\/wp\/v2\/posts\/82785"}],"collection":[{"href":"https:\/\/www.actualidadadiario.com\/index.php\/wp-json\/wp\/v2\/posts"}],"about":[{"href":"https:\/\/www.actualidadadiario.com\/index.php\/wp-json\/wp\/v2\/types\/post"}],"author":[{"embeddable":true,"href":"https:\/\/www.actualidadadiario.com\/index.php\/wp-json\/wp\/v2\/users\/3"}],"replies":[{"embeddable":true,"href":"https:\/\/www.actualidadadiario.com\/index.php\/wp-json\/wp\/v2\/comments?post=82785"}],"version-history":[{"count":1,"href":"https:\/\/www.actualidadadiario.com\/index.php\/wp-json\/wp\/v2\/posts\/82785\/revisions"}],"predecessor-version":[{"id":82787,"href":"https:\/\/www.actualidadadiario.com\/index.php\/wp-json\/wp\/v2\/posts\/82785\/revisions\/82787"}],"wp:featuredmedia":[{"embeddable":true,"href":"https:\/\/www.actualidadadiario.com\/index.php\/wp-json\/wp\/v2\/media\/82786"}],"wp:attachment":[{"href":"https:\/\/www.actualidadadiario.com\/index.php\/wp-json\/wp\/v2\/media?parent=82785"}],"wp:term":[{"taxonomy":"category","embeddable":true,"href":"https:\/\/www.actualidadadiario.com\/index.php\/wp-json\/wp\/v2\/categories?post=82785"},{"taxonomy":"post_tag","embeddable":true,"href":"https:\/\/www.actualidadadiario.com\/index.php\/wp-json\/wp\/v2\/tags?post=82785"}],"curies":[{"name":"wp","href":"https:\/\/api.w.org\/{rel}","templated":true}]}}