{"id":82783,"date":"2022-02-23T13:36:20","date_gmt":"2022-02-23T16:36:20","guid":{"rendered":"https:\/\/www.actualidadadiario.com\/?p=82783"},"modified":"2022-02-23T13:36:20","modified_gmt":"2022-02-23T16:36:20","slug":"las-reservas-para-el-fin-de-semana-largo-ya-superan-el-95-por-ciento-en-entre-rios","status":"publish","type":"post","link":"https:\/\/www.actualidadadiario.com\/index.php\/2022\/02\/23\/las-reservas-para-el-fin-de-semana-largo-ya-superan-el-95-por-ciento-en-entre-rios\/","title":{"rendered":"Las reservas para el fin de semana largo ya superan el 95 por ciento en Entre R\u00edos"},"content":{"rendered":"<p style=\"text-align: center;\"><em><strong>Con reservas que ascienden al 95 por ciento de la capacidad hotelera, la provincia aspira cerrar el pr\u00f3ximo fin de semana largo dos meses de recuperaci\u00f3n de movimiento tur\u00edstico. La actividad econ\u00f3mica del sector super\u00f3 en un cinco por ciento los niveles hist\u00f3ricos de actividad pre pandemia<\/strong><\/em><\/p>\n<p>&nbsp;<\/p>\n<p>&nbsp;<\/p>\n<p>&nbsp;<\/p>\n<p>Los d\u00edas 28 de febrero y 1\u00b0 de marzo se celebran el Carnaval. Para el turismo significan cuatro d\u00edas para disfrutar de los destinos y sus actividades, donde Entre R\u00edos se fortalece por la cercan\u00eda de los grandes centros poblados, y por su clara identidad con esta fiesta popular tan arraigada en nuestras comunidades.<\/p>\n<p>Seg\u00fan datos oficiales y del sector privado, las reservas de alojamiento se encuentran por encima del 95 por ciento en toda la provincia, incluso en algunos destinos entrerrianos sus hoteles s\u00f3lo toman reservas en lista de espera.<\/p>\n<p>Las expectativas son buenas tanto para el Corredor del Uruguay, como para el Corredor del Paran\u00e1 y el corredor Central. Las localidades que prev\u00e9n cerrar este fin de semana sus desfiles carnavalescos son quienes principalmente cuentan con mayor demanda tur\u00edstica este feriado, que adem\u00e1s contar\u00e1n con la elecci\u00f3n y desfile de comparsas campeonas, elecci\u00f3n de embajadoras y reinas, de batucadas, de bailarines y bailarinas, que le dan un brillo especial a las noches que restan de carnaval, y el colorido de cada comparsa y cada comunidad de seguidores que contagia a los miles de turistas que nos visitan.<\/p>\n<p>Adem\u00e1s de Carnavales, este pr\u00f3ximo fin de semana Entre R\u00edos ofrecer\u00e1 una variada gama de productos y servicios tur\u00edsticos, mostrando su diversificada oferta, como sus playas, balnearios, parques acu\u00e1ticos y complejos de piscinas, sus complejos termales, deportes y actividades acu\u00e1ticas, paseos n\u00e1uticos, distintas opciones en \u00e1reas protegidas y en la naturaleza, como cabalgatas, trekking, avistaje de aves, adem\u00e1s de las visitas a vi\u00f1edos, con actividades por la Vendimia inclu\u00eddas, turismo rural, pesca deportiva, entre otros. La agenda de actividades se complementa con un amplio calendario que incluye diferentes opciones:<\/p>\n<p>Una de las actividades destacadas en la provincia en esta \u00e9poca del a\u00f1o, es la vendimia. Los distintos vi\u00f1edos esparcidos a lo largo de todo el territorio se encuentran en plena cosecha e invitan a los turistas y residentes locales a participar de dicho proceso. Cosecha, visitas guiadas y hasta almuerzos con shows de m\u00fasica y danza t\u00edpica se pueden disfrutar a partir de este fin de semana. Tal es as\u00ed, que el Palacio San Jos\u00e9, adem\u00e1s de sus recorridos hist\u00f3ricos, invita a los visitantes, \u00e9ste 24 y 25 a la cosecha y entrega de uvas pertenecientes al terroir del Palacio. Para m\u00e1s informaci\u00f3n sobre las bodegas visitar www.entrerios.tur.ar.<\/p>\n<p>Adem\u00e1s, se realizan bicicleteadas tur\u00edsticas en la ciudad de La Paz, que salen todos los d\u00edas del fin de semana desde las 18 hs desde la oficina de Turismo, ubicada en el puerto.<\/p>\n<p>Para toda la familia, el Molino Forclaz ofrece sus populares visitas guiadas teatralizadas. Ser\u00e1n el jueves 24 a las 20 hs., y el domingo 27 a las 19 y 21hs. Las visitas guiadas nocturnas tendr\u00e1n lugar el martes 22 y el lunes 28 a las 21 hs. Siempre con reserva previa.<\/p>\n<p>Una propuesta para los amantes del turismo aventura es que, en el marco del Mes de los Humedales, el s\u00e1bado 26, a las 17hs, en el Campo Martin Fierro de la localidad de Diamante, se realizar\u00e1 el \u201cCross Aventura\u201d. En cualquiera de sus modalidades de participaci\u00f3n, trotando o caminando, se contar\u00e1 con gu\u00edas.<\/p>\n<p>Para los amantes de las tradiciones y las fiestas populares, desde el viernes 25 hasta el 27 se realizar\u00e1 la 48\u00b0 edici\u00f3n de la tradicional Fiesta provincial del Ternero entrerriano en la localidad de Feliciano. Para ver informaci\u00f3n de \u00e9sta y otras fiestas populares consultar en www.entrerios.tur.ar.<\/p>\n","protected":false},"excerpt":{"rendered":"<p>Con reservas que ascienden al 95 por ciento de la capacidad hotelera, la provincia aspira cerrar el pr\u00f3ximo fin de semana largo dos meses de recuperaci\u00f3n de movimiento tur\u00edstico. La actividad econ\u00f3mica del sector super\u00f3 en un cinco por ciento los niveles hist\u00f3ricos de actividad pre pandemia &nbsp; &nbsp; &nbsp; Los d\u00edas 28 de febrero y 1\u00b0 de marzo se celebran el Carnaval. Para el turismo significan cuatro d\u00edas para disfrutar de los destinos y sus actividades, donde Entre R\u00edos se fortalece por la cercan\u00eda de los grandes centros poblados,&#8230;<\/p>\n","protected":false},"author":3,"featured_media":81193,"comment_status":"closed","ping_status":"closed","sticky":false,"template":"","format":"standard","meta":[],"categories":[9,15],"tags":[],"_links":{"self":[{"href":"https:\/\/www.actualidadadiario.com\/index.php\/wp-json\/wp\/v2\/posts\/82783"}],"collection":[{"href":"https:\/\/www.actualidadadiario.com\/index.php\/wp-json\/wp\/v2\/posts"}],"about":[{"href":"https:\/\/www.actualidadadiario.com\/index.php\/wp-json\/wp\/v2\/types\/post"}],"author":[{"embeddable":true,"href":"https:\/\/www.actualidadadiario.com\/index.php\/wp-json\/wp\/v2\/users\/3"}],"replies":[{"embeddable":true,"href":"https:\/\/www.actualidadadiario.com\/index.php\/wp-json\/wp\/v2\/comments?post=82783"}],"version-history":[{"count":1,"href":"https:\/\/www.actualidadadiario.com\/index.php\/wp-json\/wp\/v2\/posts\/82783\/revisions"}],"predecessor-version":[{"id":82784,"href":"https:\/\/www.actualidadadiario.com\/index.php\/wp-json\/wp\/v2\/posts\/82783\/revisions\/82784"}],"wp:featuredmedia":[{"embeddable":true,"href":"https:\/\/www.actualidadadiario.com\/index.php\/wp-json\/wp\/v2\/media\/81193"}],"wp:attachment":[{"href":"https:\/\/www.actualidadadiario.com\/index.php\/wp-json\/wp\/v2\/media?parent=82783"}],"wp:term":[{"taxonomy":"category","embeddable":true,"href":"https:\/\/www.actualidadadiario.com\/index.php\/wp-json\/wp\/v2\/categories?post=82783"},{"taxonomy":"post_tag","embeddable":true,"href":"https:\/\/www.actualidadadiario.com\/index.php\/wp-json\/wp\/v2\/tags?post=82783"}],"curies":[{"name":"wp","href":"https:\/\/api.w.org\/{rel}","templated":true}]}}