{"id":82780,"date":"2022-02-23T13:35:37","date_gmt":"2022-02-23T16:35:37","guid":{"rendered":"https:\/\/www.actualidadadiario.com\/?p=82780"},"modified":"2022-02-23T13:35:37","modified_gmt":"2022-02-23T16:35:37","slug":"pedimos-las-disculpas-personalmente-dijo-borgo-tras-el-encuentro-con-amavet","status":"publish","type":"post","link":"https:\/\/www.actualidadadiario.com\/index.php\/2022\/02\/23\/pedimos-las-disculpas-personalmente-dijo-borgo-tras-el-encuentro-con-amavet\/","title":{"rendered":"\u201cPedimos las disculpas personalmente\u201d dijo Borgo tras el encuentro con Amavet"},"content":{"rendered":"<p style=\"text-align: center;\"><em><strong>D\u00edas atr\u00e1s integrantes de la Asociaci\u00f3n de Citricultores de la ciudad de Chajar\u00ed y de la FeCIER viajaron a Paran\u00e1 y mantuvieron un encuentro con el secretario de Agricultura y Ganader\u00eda de la provincia de Entre R\u00edos, Lucio Amavet<\/strong><\/em><\/p>\n<p>&nbsp;<\/p>\n<p>&nbsp;<\/p>\n<p>&nbsp;<\/p>\n<p>Recordemos que tiempo atr\u00e1s se gener\u00f3 un enfrentamiento entre las partes ya que dicha Asociaci\u00f3n retuvo el dinero de tasas de gu\u00edas de traslados de frutas, y luego fue sancionada por la provincia con una multa de 198.558 pesos y con la prohibici\u00f3n de extender gu\u00eda por 60 d\u00edas.<\/p>\n<p>En ese sentido, el presidente de la Asociaci\u00f3n, William Borgo, quien viaj\u00f3 a Paran\u00e1 expres\u00f3 que: \u201cviajamos a esta reuni\u00f3n que hace tanto tiempo ven\u00edamos pidiendo para plantear los problemas que venimos teniendo y tambi\u00e9n para tratar de resolver la sanci\u00f3n y la multa que nos han sido aplicadas. Hasta el momento estamos esperando repuesta de la provincia, hemos presentado un descargo de manera legal y hemos pedido las disculpas personalmente\u201d.<\/p>\n<p>Sobre le decisi\u00f3n de retener el dinero (el mismo ya fue abonado), explic\u00f3: \u201cfue una medida de fuerza para que nos escuchen porque no ven\u00edamos teniendo un dialogo fluido, estamos a la espera para ver c\u00f3mo sigue. Amavet nos dijo que en estos d\u00edas \u00edbamos a tener respuestas\u201d.<\/p>\n<p>Borgo dijo que buscan que los productores puedan hacer uso de las gu\u00edas.<\/p>\n","protected":false},"excerpt":{"rendered":"<p>D\u00edas atr\u00e1s integrantes de la Asociaci\u00f3n de Citricultores de la ciudad de Chajar\u00ed y de la FeCIER viajaron a Paran\u00e1 y mantuvieron un encuentro con el secretario de Agricultura y Ganader\u00eda de la provincia de Entre R\u00edos, Lucio Amavet &nbsp; &nbsp; &nbsp; Recordemos que tiempo atr\u00e1s se gener\u00f3 un enfrentamiento entre las partes ya que dicha Asociaci\u00f3n retuvo el dinero de tasas de gu\u00edas de traslados de frutas, y luego fue sancionada por la provincia con una multa de 198.558 pesos y con la prohibici\u00f3n de extender gu\u00eda por 60&#8230;<\/p>\n","protected":false},"author":3,"featured_media":82781,"comment_status":"closed","ping_status":"closed","sticky":false,"template":"","format":"standard","meta":[],"categories":[15],"tags":[],"_links":{"self":[{"href":"https:\/\/www.actualidadadiario.com\/index.php\/wp-json\/wp\/v2\/posts\/82780"}],"collection":[{"href":"https:\/\/www.actualidadadiario.com\/index.php\/wp-json\/wp\/v2\/posts"}],"about":[{"href":"https:\/\/www.actualidadadiario.com\/index.php\/wp-json\/wp\/v2\/types\/post"}],"author":[{"embeddable":true,"href":"https:\/\/www.actualidadadiario.com\/index.php\/wp-json\/wp\/v2\/users\/3"}],"replies":[{"embeddable":true,"href":"https:\/\/www.actualidadadiario.com\/index.php\/wp-json\/wp\/v2\/comments?post=82780"}],"version-history":[{"count":1,"href":"https:\/\/www.actualidadadiario.com\/index.php\/wp-json\/wp\/v2\/posts\/82780\/revisions"}],"predecessor-version":[{"id":82782,"href":"https:\/\/www.actualidadadiario.com\/index.php\/wp-json\/wp\/v2\/posts\/82780\/revisions\/82782"}],"wp:featuredmedia":[{"embeddable":true,"href":"https:\/\/www.actualidadadiario.com\/index.php\/wp-json\/wp\/v2\/media\/82781"}],"wp:attachment":[{"href":"https:\/\/www.actualidadadiario.com\/index.php\/wp-json\/wp\/v2\/media?parent=82780"}],"wp:term":[{"taxonomy":"category","embeddable":true,"href":"https:\/\/www.actualidadadiario.com\/index.php\/wp-json\/wp\/v2\/categories?post=82780"},{"taxonomy":"post_tag","embeddable":true,"href":"https:\/\/www.actualidadadiario.com\/index.php\/wp-json\/wp\/v2\/tags?post=82780"}],"curies":[{"name":"wp","href":"https:\/\/api.w.org\/{rel}","templated":true}]}}