{"id":82777,"date":"2022-02-23T13:34:48","date_gmt":"2022-02-23T16:34:48","guid":{"rendered":"https:\/\/www.actualidadadiario.com\/?p=82777"},"modified":"2022-02-23T13:34:48","modified_gmt":"2022-02-23T16:34:48","slug":"el-comisario-inspector-luis-pereyra-asumio-como-nuevo-jefe-de-la-policia-departamental","status":"publish","type":"post","link":"https:\/\/www.actualidadadiario.com\/index.php\/2022\/02\/23\/el-comisario-inspector-luis-pereyra-asumio-como-nuevo-jefe-de-la-policia-departamental\/","title":{"rendered":"El comisario inspector Luis Pereyra asumi\u00f3 como nuevo jefe de la Polic\u00eda Departamental"},"content":{"rendered":"<p style=\"text-align: center;\"><em><strong>En la tarde del martes se llev\u00f3 a cabo la ceremonia de asunci\u00f3n del nuevo jefe y subjefe de la Departamental de Polic\u00eda, el Comisario Inspector Luis Pereyra y el Comisario Inspector C\u00e9sar Fern\u00e1ndez respectivamente<\/strong><\/em><\/p>\n<p>&nbsp;<\/p>\n<p>&nbsp;<\/p>\n<p>El acto tuvo lugar frente al edificio de la Jefatura Departamental, en la ciudad de Federaci\u00f3n.<\/p>\n<p>La ceremonia cont\u00f3 con la presencia del subjefe de la Polic\u00eda de la provincia, Comisario General Jos\u00e9 Lauman;\u00a0 y diferentes autoridades pol\u00edticas y de fuerzas de seguridad del departamento.<\/p>\n","protected":false},"excerpt":{"rendered":"<p>En la tarde del martes se llev\u00f3 a cabo la ceremonia de asunci\u00f3n del nuevo jefe y subjefe de la Departamental de Polic\u00eda, el Comisario Inspector Luis Pereyra y el Comisario Inspector C\u00e9sar Fern\u00e1ndez respectivamente &nbsp; &nbsp; El acto tuvo lugar frente al edificio de la Jefatura Departamental, en la ciudad de Federaci\u00f3n. La ceremonia cont\u00f3 con la presencia del subjefe de la Polic\u00eda de la provincia, Comisario General Jos\u00e9 Lauman;\u00a0 y diferentes autoridades pol\u00edticas y de fuerzas de seguridad del departamento.<\/p>\n","protected":false},"author":3,"featured_media":82778,"comment_status":"closed","ping_status":"closed","sticky":false,"template":"","format":"standard","meta":[],"categories":[15],"tags":[],"_links":{"self":[{"href":"https:\/\/www.actualidadadiario.com\/index.php\/wp-json\/wp\/v2\/posts\/82777"}],"collection":[{"href":"https:\/\/www.actualidadadiario.com\/index.php\/wp-json\/wp\/v2\/posts"}],"about":[{"href":"https:\/\/www.actualidadadiario.com\/index.php\/wp-json\/wp\/v2\/types\/post"}],"author":[{"embeddable":true,"href":"https:\/\/www.actualidadadiario.com\/index.php\/wp-json\/wp\/v2\/users\/3"}],"replies":[{"embeddable":true,"href":"https:\/\/www.actualidadadiario.com\/index.php\/wp-json\/wp\/v2\/comments?post=82777"}],"version-history":[{"count":1,"href":"https:\/\/www.actualidadadiario.com\/index.php\/wp-json\/wp\/v2\/posts\/82777\/revisions"}],"predecessor-version":[{"id":82779,"href":"https:\/\/www.actualidadadiario.com\/index.php\/wp-json\/wp\/v2\/posts\/82777\/revisions\/82779"}],"wp:featuredmedia":[{"embeddable":true,"href":"https:\/\/www.actualidadadiario.com\/index.php\/wp-json\/wp\/v2\/media\/82778"}],"wp:attachment":[{"href":"https:\/\/www.actualidadadiario.com\/index.php\/wp-json\/wp\/v2\/media?parent=82777"}],"wp:term":[{"taxonomy":"category","embeddable":true,"href":"https:\/\/www.actualidadadiario.com\/index.php\/wp-json\/wp\/v2\/categories?post=82777"},{"taxonomy":"post_tag","embeddable":true,"href":"https:\/\/www.actualidadadiario.com\/index.php\/wp-json\/wp\/v2\/tags?post=82777"}],"curies":[{"name":"wp","href":"https:\/\/api.w.org\/{rel}","templated":true}]}}