{"id":82774,"date":"2022-02-23T13:34:08","date_gmt":"2022-02-23T16:34:08","guid":{"rendered":"https:\/\/www.actualidadadiario.com\/?p=82774"},"modified":"2022-02-23T13:34:08","modified_gmt":"2022-02-23T16:34:08","slug":"argentina-esta-ordenando-la-enorme-deuda-con-el-fmi-por-la-irresponsabilidad-de-macri","status":"publish","type":"post","link":"https:\/\/www.actualidadadiario.com\/index.php\/2022\/02\/23\/argentina-esta-ordenando-la-enorme-deuda-con-el-fmi-por-la-irresponsabilidad-de-macri\/","title":{"rendered":"&#8220;Argentina est\u00e1 ordenando la enorme deuda con el FMI por la irresponsabilidad de Macri&#8221;"},"content":{"rendered":"<p style=\"text-align: center;\"><em><strong>&#8220;La Argentina intenta ponerse de pie tras la cat\u00e1strofe econ\u00f3mica de Macri y la cat\u00e1strofe social de la pandemia. Es hora de que estemos m\u00e1s unidos que nunca&#8221;, sostuvo el diputado nacional<\/strong><\/em><\/p>\n<p>&nbsp;<\/p>\n<p>&nbsp;<\/p>\n<p>El diputado nacional Marcelo Casaretto (Frente de Todos) asegur\u00f3 que la Argentina &#8220;est\u00e1 ordenando la enorme deuda que el pa\u00eds tiene con el FMI como consecuencia de la total irresponsabilidad de la administraci\u00f3n encabezada por Mauricio Macri&#8221; y llam\u00f3 a acompa\u00f1ar el acuerdo con el organismo internacional.<\/p>\n<p>En ese marco, Casaretto reafirm\u00f3 que &#8220;esos acuerdos se elevar\u00e1n al Congreso Nacional para su an\u00e1lisis y aprobaci\u00f3n&#8221;.<\/p>\n<p>&#8220;La Argentina est\u00e1 ordenando la enorme deuda que el pa\u00eds tiene con el FMI como consecuencia de la total irresponsabilidad de la administraci\u00f3n encabezada por Mauricio Macri&#8221;, escribi\u00f3 en su cuenta de Twitter el legislador.<\/p>\n<p>En una serie de tuits, Casaretto sostuvo que, &#8220;respetando nuestras diferencias internas&#8221;, su convicci\u00f3n es que el &#8220;deber c\u00edvico y pol\u00edtico&#8221; es acompa\u00f1ar con el voto &#8220;este acuerdo que no limita la inversi\u00f3n en obra p\u00fablica, en asistencia social, en materia previsional, en educaci\u00f3n, ciencia y tecnolog\u00eda ni en salud&#8221;.<\/p>\n<p>&#8220;La Argentina intenta ponerse de pie tras la cat\u00e1strofe econ\u00f3mica de Macri y la cat\u00e1strofe social de la pandemia. Es hora de que estemos m\u00e1s unidos que nunca. Quiero nuestra unidad antes que nada. Todos hacemos falta y, por eso, convoco a estar unidos respetando nuestras diferencias&#8221;, afirm\u00f3 Casaretto.<\/p>\n<p>En tanto, en declaraciones a Radio 10, el diputado sostuvo que aunque &#8220;las diferencias de visiones dentro del FDT son claras&#8221;, es necesario &#8220;acompa\u00f1ar y facilitar el tratamiento de esta ley cuando ingrese en los pr\u00f3ximos d\u00edas en el Congreso&#8221;.<\/p>\n<p>&#8220;Creo que la inmensa mayor\u00eda de los argentinos quiere este acuerdo y que la gran mayor\u00eda de los bloques van a dar qu\u00f3rum, van a aprobar o a facilitar que se trate el acuerdo en el Congreso&#8221;, afirm\u00f3 y, en ese sentido, Casaretto agreg\u00f3 que &#8220;todos quieren que se arregle esta deuda para continuar con el crecimiento en el pa\u00eds&#8221;.<\/p>\n<p>El lunes pasado, el presidente Alberto Fern\u00e1ndez recibi\u00f3 en su despacho al titular de la C\u00e1mara de Diputados, Sergio Massa, y le pidi\u00f3 un debate &#8220;\u00e1gil y participativo&#8221; del acuerdo con el Fondo en el cuerpo.<\/p>\n<p>En el encuentro, acordaron que el acuerdo con el FMI ingrese por la C\u00e1mara de Diputados &#8220;lo antes posible&#8221;, y el mandatario le pidi\u00f3 a Massa que sea un debate &#8220;\u00e1gil y participativo&#8221; donde &#8220;prime el di\u00e1logo pol\u00edtico entre el oficialismo y la oposici\u00f3n&#8221; para lograr un consenso lo m\u00e1s amplio posible.<\/p>\n<p>La aspiraci\u00f3n del oficialismo es sancionarlo entre el 10 y el 15 de marzo en la C\u00e1mara de Diputados y luego girarlo al Senado, para que se apruebe antes del 22 de marzo.<\/p>\n","protected":false},"excerpt":{"rendered":"<p>&#8220;La Argentina intenta ponerse de pie tras la cat\u00e1strofe econ\u00f3mica de Macri y la cat\u00e1strofe social de la pandemia. Es hora de que estemos m\u00e1s unidos que nunca&#8221;, sostuvo el diputado nacional &nbsp; &nbsp; El diputado nacional Marcelo Casaretto (Frente de Todos) asegur\u00f3 que la Argentina &#8220;est\u00e1 ordenando la enorme deuda que el pa\u00eds tiene con el FMI como consecuencia de la total irresponsabilidad de la administraci\u00f3n encabezada por Mauricio Macri&#8221; y llam\u00f3 a acompa\u00f1ar el acuerdo con el organismo internacional. En ese marco, Casaretto reafirm\u00f3 que &#8220;esos acuerdos se&#8230;<\/p>\n","protected":false},"author":3,"featured_media":82775,"comment_status":"closed","ping_status":"closed","sticky":false,"template":"","format":"standard","meta":[],"categories":[18],"tags":[],"_links":{"self":[{"href":"https:\/\/www.actualidadadiario.com\/index.php\/wp-json\/wp\/v2\/posts\/82774"}],"collection":[{"href":"https:\/\/www.actualidadadiario.com\/index.php\/wp-json\/wp\/v2\/posts"}],"about":[{"href":"https:\/\/www.actualidadadiario.com\/index.php\/wp-json\/wp\/v2\/types\/post"}],"author":[{"embeddable":true,"href":"https:\/\/www.actualidadadiario.com\/index.php\/wp-json\/wp\/v2\/users\/3"}],"replies":[{"embeddable":true,"href":"https:\/\/www.actualidadadiario.com\/index.php\/wp-json\/wp\/v2\/comments?post=82774"}],"version-history":[{"count":1,"href":"https:\/\/www.actualidadadiario.com\/index.php\/wp-json\/wp\/v2\/posts\/82774\/revisions"}],"predecessor-version":[{"id":82776,"href":"https:\/\/www.actualidadadiario.com\/index.php\/wp-json\/wp\/v2\/posts\/82774\/revisions\/82776"}],"wp:featuredmedia":[{"embeddable":true,"href":"https:\/\/www.actualidadadiario.com\/index.php\/wp-json\/wp\/v2\/media\/82775"}],"wp:attachment":[{"href":"https:\/\/www.actualidadadiario.com\/index.php\/wp-json\/wp\/v2\/media?parent=82774"}],"wp:term":[{"taxonomy":"category","embeddable":true,"href":"https:\/\/www.actualidadadiario.com\/index.php\/wp-json\/wp\/v2\/categories?post=82774"},{"taxonomy":"post_tag","embeddable":true,"href":"https:\/\/www.actualidadadiario.com\/index.php\/wp-json\/wp\/v2\/tags?post=82774"}],"curies":[{"name":"wp","href":"https:\/\/api.w.org\/{rel}","templated":true}]}}