{"id":82771,"date":"2022-02-23T13:33:25","date_gmt":"2022-02-23T16:33:25","guid":{"rendered":"https:\/\/www.actualidadadiario.com\/?p=82771"},"modified":"2022-02-23T13:33:25","modified_gmt":"2022-02-23T16:33:25","slug":"de-pedro-massa-y-maximo-kirchner-participan-de-un-acto-en-chubut","status":"publish","type":"post","link":"https:\/\/www.actualidadadiario.com\/index.php\/2022\/02\/23\/de-pedro-massa-y-maximo-kirchner-participan-de-un-acto-en-chubut\/","title":{"rendered":"De Pedro, Massa y M\u00e1ximo Kirchner participan de un acto en Chubut"},"content":{"rendered":"<p style=\"text-align: center;\"><em><strong>El ministro del Interior, Eduardo de Pedro; el presidente de la C\u00e1mara de Diputados, Sergio Massa; y el diputado nacional M\u00e1ximo Kirchner visitar\u00e1n Chubut donde, junto al gobernador Mariano Arcioni, participar\u00e1n del acto por el 121\u00b0 aniversario de la ciudad de Comodoro Rivadavia<\/strong><\/em><\/p>\n<p>&nbsp;<\/p>\n<p>&nbsp;<\/p>\n<p>&nbsp;<\/p>\n<p>El ministro del Interior, Eduardo de Pedro; el presidente de la C\u00e1mara de Diputados, Sergio Massa; y el diputado nacional M\u00e1ximo Kirchner visitar\u00e1n hoy Chubut donde, junto al gobernador Mariano Arcioni, participar\u00e1n del acto por el 121\u00b0 aniversario de la ciudad de Comodoro Rivadavia.<\/p>\n<p>En el acto -pautado para las 12- se homenajear\u00e1 a veteranos y ca\u00eddos en la guerra de Malvinas, a 40 a\u00f1os del conflicto del Atl\u00e1ntico Sur, inform\u00f3 en un comunicado el Ministerio del Interior.<\/p>\n<p>Asimismo, participar\u00e1n del acto el presidente de YPF, Pablo Gonz\u00e1lez, y el director ejecutivo de Pan American Energy Group, Marcos Bulgheroni, como as\u00ed tambi\u00e9n el intendente de Comodoro Rivadavia, Juan Pablo Luque, quien junto al gobernador firmar\u00e1 un convenio para escuelas con la ayuda de YPF.<\/p>\n","protected":false},"excerpt":{"rendered":"<p>El ministro del Interior, Eduardo de Pedro; el presidente de la C\u00e1mara de Diputados, Sergio Massa; y el diputado nacional M\u00e1ximo Kirchner visitar\u00e1n Chubut donde, junto al gobernador Mariano Arcioni, participar\u00e1n del acto por el 121\u00b0 aniversario de la ciudad de Comodoro Rivadavia &nbsp; &nbsp; &nbsp; El ministro del Interior, Eduardo de Pedro; el presidente de la C\u00e1mara de Diputados, Sergio Massa; y el diputado nacional M\u00e1ximo Kirchner visitar\u00e1n hoy Chubut donde, junto al gobernador Mariano Arcioni, participar\u00e1n del acto por el 121\u00b0 aniversario de la ciudad de Comodoro Rivadavia&#8230;.<\/p>\n","protected":false},"author":3,"featured_media":82772,"comment_status":"closed","ping_status":"closed","sticky":false,"template":"","format":"standard","meta":[],"categories":[18],"tags":[],"_links":{"self":[{"href":"https:\/\/www.actualidadadiario.com\/index.php\/wp-json\/wp\/v2\/posts\/82771"}],"collection":[{"href":"https:\/\/www.actualidadadiario.com\/index.php\/wp-json\/wp\/v2\/posts"}],"about":[{"href":"https:\/\/www.actualidadadiario.com\/index.php\/wp-json\/wp\/v2\/types\/post"}],"author":[{"embeddable":true,"href":"https:\/\/www.actualidadadiario.com\/index.php\/wp-json\/wp\/v2\/users\/3"}],"replies":[{"embeddable":true,"href":"https:\/\/www.actualidadadiario.com\/index.php\/wp-json\/wp\/v2\/comments?post=82771"}],"version-history":[{"count":1,"href":"https:\/\/www.actualidadadiario.com\/index.php\/wp-json\/wp\/v2\/posts\/82771\/revisions"}],"predecessor-version":[{"id":82773,"href":"https:\/\/www.actualidadadiario.com\/index.php\/wp-json\/wp\/v2\/posts\/82771\/revisions\/82773"}],"wp:featuredmedia":[{"embeddable":true,"href":"https:\/\/www.actualidadadiario.com\/index.php\/wp-json\/wp\/v2\/media\/82772"}],"wp:attachment":[{"href":"https:\/\/www.actualidadadiario.com\/index.php\/wp-json\/wp\/v2\/media?parent=82771"}],"wp:term":[{"taxonomy":"category","embeddable":true,"href":"https:\/\/www.actualidadadiario.com\/index.php\/wp-json\/wp\/v2\/categories?post=82771"},{"taxonomy":"post_tag","embeddable":true,"href":"https:\/\/www.actualidadadiario.com\/index.php\/wp-json\/wp\/v2\/tags?post=82771"}],"curies":[{"name":"wp","href":"https:\/\/api.w.org\/{rel}","templated":true}]}}