{"id":82768,"date":"2022-02-23T13:32:40","date_gmt":"2022-02-23T16:32:40","guid":{"rendered":"https:\/\/www.actualidadadiario.com\/?p=82768"},"modified":"2022-02-23T13:32:40","modified_gmt":"2022-02-23T16:32:40","slug":"confirman-que-martin-guzman-ira-al-congreso-a-explicar-el-acuerdo-con-el-fmi","status":"publish","type":"post","link":"https:\/\/www.actualidadadiario.com\/index.php\/2022\/02\/23\/confirman-que-martin-guzman-ira-al-congreso-a-explicar-el-acuerdo-con-el-fmi\/","title":{"rendered":"Confirman que Mart\u00edn Guzm\u00e1n ir\u00e1 al Congreso a explicar el acuerdo con el FMI"},"content":{"rendered":"<p style=\"text-align: center;\"><em><strong>Tras el principio de entendimiento con el Fondo Monetario Internacional, el ministro de Econom\u00eda deber\u00e1 detallar el acuerdo final<\/strong><\/em><\/p>\n<p>&nbsp;<\/p>\n<p>&nbsp;<\/p>\n<p>A la espera de cerrar los \u00faltimos detalles de las negociaciones con el Fondo Monetario Internacional (FMI), se confirm\u00f3 que el ministro de Econom\u00eda Mart\u00edn Guzm\u00e1n ir\u00e1 al Congreso a explicar el acuerdo. Se estima que el proyecto de ley ingresar\u00e1 al Poder legislativo federal antes del pr\u00f3ximo fin de semana. El martes primero de marzo el presidente Alberto Fern\u00e1ndez debe abrir las sesiones ordinarias y se espera que pida un fuerte respaldo de la Asamblea Legislativa.<\/p>\n<p>La visita de Guzm\u00e1n al Congreso la confirm\u00f3 Jos\u00e9 Luis Gioja, diputado Nacional de Frente de Todos (FdT) y vicepresidente de la C\u00e1mara de Diputados, en di\u00e1logo con el programa radial &#8220;Argenzuela&#8221;, conducido por Jorge Rial en Radio 10. &#8220;Martin Guzm\u00e1n va a ir al Congreso a explicar el acuerdo con el FMI, es lo correcto&#8221;, dijo, y agreg\u00f3 que &#8220;tenemos que recorrer mucho camino todav\u00eda, somos un pa\u00eds muy grande&#8221;.<\/p>\n<p>En declaraciones radiales, el funcionario tambi\u00e9n dijo que &#8220;Argentina est\u00e1 pasando por un problema que no la cre\u00f3 el actual gobierno&#8221;, al referirse al cr\u00e9dito que tom\u00f3 la gesti\u00f3n anterior del ex presidente Mauricio Macri. Adem\u00e1s coment\u00f3: &#8220;Estas cosas solamente las solucionan los peronistas, es la realidad, ahora estamos sacando la papas del fuego&#8221;.<\/p>\n<p>Seg\u00fan se supo, las negociaciones con el organismo de cr\u00e9dito internacional entraron en la recta final, por lo que se espera que pronto est\u00e9 lista la letra final del acuerdo. En ese marco, la agenda presidencial de este mi\u00e9rcoles y jueves concentrar\u00e1 las actividades p\u00fablicas del jefe de Estado por fuera de la Casa de Gobierno, aunque Fern\u00e1ndez estar\u00e1 siguiendo &#8220;de cerca&#8221; las negociaciones que lleva adelante el equipo t\u00e9cnico de Guzm\u00e1n.<\/p>\n<p>Por otra parte, fuentes oficiales aseguraron que durante el encuentro que el Presidente mantuvo el lunes pasado junto al presidente de la C\u00e1mara de Diputados, Sergio Massa, se acord\u00f3 que el proyecto del acuerdo &#8220;entrar\u00e1 al Congreso por la C\u00e1mara baja&#8221;. Adem\u00e1s, precisaron que el jefe de Estado le pidi\u00f3 Massa un debate &#8220;\u00e1gil y participativo&#8221; por el acuerdo con el FMI, que ser\u00eda tratado en el Parlamento durante el pr\u00f3ximo mes de marzo.<\/p>\n","protected":false},"excerpt":{"rendered":"<p>Tras el principio de entendimiento con el Fondo Monetario Internacional, el ministro de Econom\u00eda deber\u00e1 detallar el acuerdo final &nbsp; &nbsp; A la espera de cerrar los \u00faltimos detalles de las negociaciones con el Fondo Monetario Internacional (FMI), se confirm\u00f3 que el ministro de Econom\u00eda Mart\u00edn Guzm\u00e1n ir\u00e1 al Congreso a explicar el acuerdo. Se estima que el proyecto de ley ingresar\u00e1 al Poder legislativo federal antes del pr\u00f3ximo fin de semana. El martes primero de marzo el presidente Alberto Fern\u00e1ndez debe abrir las sesiones ordinarias y se espera que&#8230;<\/p>\n","protected":false},"author":3,"featured_media":82769,"comment_status":"closed","ping_status":"closed","sticky":false,"template":"","format":"standard","meta":[],"categories":[18],"tags":[],"_links":{"self":[{"href":"https:\/\/www.actualidadadiario.com\/index.php\/wp-json\/wp\/v2\/posts\/82768"}],"collection":[{"href":"https:\/\/www.actualidadadiario.com\/index.php\/wp-json\/wp\/v2\/posts"}],"about":[{"href":"https:\/\/www.actualidadadiario.com\/index.php\/wp-json\/wp\/v2\/types\/post"}],"author":[{"embeddable":true,"href":"https:\/\/www.actualidadadiario.com\/index.php\/wp-json\/wp\/v2\/users\/3"}],"replies":[{"embeddable":true,"href":"https:\/\/www.actualidadadiario.com\/index.php\/wp-json\/wp\/v2\/comments?post=82768"}],"version-history":[{"count":1,"href":"https:\/\/www.actualidadadiario.com\/index.php\/wp-json\/wp\/v2\/posts\/82768\/revisions"}],"predecessor-version":[{"id":82770,"href":"https:\/\/www.actualidadadiario.com\/index.php\/wp-json\/wp\/v2\/posts\/82768\/revisions\/82770"}],"wp:featuredmedia":[{"embeddable":true,"href":"https:\/\/www.actualidadadiario.com\/index.php\/wp-json\/wp\/v2\/media\/82769"}],"wp:attachment":[{"href":"https:\/\/www.actualidadadiario.com\/index.php\/wp-json\/wp\/v2\/media?parent=82768"}],"wp:term":[{"taxonomy":"category","embeddable":true,"href":"https:\/\/www.actualidadadiario.com\/index.php\/wp-json\/wp\/v2\/categories?post=82768"},{"taxonomy":"post_tag","embeddable":true,"href":"https:\/\/www.actualidadadiario.com\/index.php\/wp-json\/wp\/v2\/tags?post=82768"}],"curies":[{"name":"wp","href":"https:\/\/api.w.org\/{rel}","templated":true}]}}