{"id":82765,"date":"2022-02-23T13:31:59","date_gmt":"2022-02-23T16:31:59","guid":{"rendered":"https:\/\/www.actualidadadiario.com\/?p=82765"},"modified":"2022-02-23T13:31:59","modified_gmt":"2022-02-23T16:31:59","slug":"las-contradicciones-de-juntos-por-el-cambio-sobre-las-elecciones-del-2023","status":"publish","type":"post","link":"https:\/\/www.actualidadadiario.com\/index.php\/2022\/02\/23\/las-contradicciones-de-juntos-por-el-cambio-sobre-las-elecciones-del-2023\/","title":{"rendered":"Las contradicciones de Juntos por el Cambio sobre las elecciones del 2023"},"content":{"rendered":"<p style=\"text-align: center;\"><em><strong>La coalici\u00f3n opositora habla de cautela de cara a los pr\u00f3ximos comicios, pero las internas son furiosas<\/strong><\/em><\/p>\n<p>&nbsp;<\/p>\n<p>&nbsp;<\/p>\n<p>Cada vez que se paran frente a los micr\u00f3fonos, los referentes de Juntos por el Cambio vinculados al PRO evitan dar precisiones sobre el armado de cara a las elecciones 2023. \u201cNo es el momento\u201d, esgrimen y subrayan que hoy la agenda va por otro lado. Sin embargo, puertas adentros hay movimientos y discusiones internas entre los dos bandos del espacio amarillo con un claro objetivo: empezar a diagramar las listas de los comicios ejecutivos del pr\u00f3ximo a\u00f1o.<\/p>\n<p>\u201cNo estoy pensando en una candidatura: ni m\u00eda ni de nadie. Falta mucho\u201d, dijo el jefe de Gobierno porte\u00f1o, Horacio Rodr\u00edguez Larreta, semanas atr\u00e1s en una entrevista. Un planteo similar al que suele repetir la diputada nacional Mar\u00eda Eugenia Vidal y otros referentes del \u00e1rea moderada del PRO. En tanto, desde el sector de los \u201chalcones\u201d la exministra Patricia Bullrich se anima a mirar a futuro y dar algunas definiciones sobre el armado, aunque suele ser reacia a dar nombres concretos.<\/p>\n<p>A pesar de la cautela que buscan manifestar los moderados, puertas adentro se empieza a sentir el furioso armado pol\u00edtico con intenciones electorales. Mientras dec\u00eda \u201cno pienso en una candidatura\u201d, Larreta cambio a ministros de su gabinete para convertirlos en asesores y empez\u00f3 a girar por el pa\u00eds en busca de aliados en el interior.<\/p>\n<p>En el mismo sentido, este martes el mandatario capitalino se reuni\u00f3 con el diputado Diego Santilli (potencial candidato a gobernador bonaerense), el excandidato a vicepresidente de Macri, Miguel \u00c1ngel Pichetto, y la abogada Florencia Arietto. Esta \u00faltima era una aliada y asesora en seguridad de Patricia Bullrich, a qui\u00e9n abandon\u00f3 para dar el salto al ala moderada con aspiraciones a un cargo ejecutivo el pr\u00f3ximo a\u00f1o.<\/p>\n<p>Arietto trabajar\u00e1 tambi\u00e9n en el dise\u00f1o de propuestas en materia de seguridad y narcotr\u00e1fico, al tiempo que pretende aportar un discurso bullrichista con un tono m\u00e1s duro al que suele usar el ala moderada. A pesar de que puertas afuera lo nieguen, el \u201crobo\u201d de una pieza del tablero de la presidenta del PRO es una jugada del larretismo donde expone que hoy la cabeza del mandatario porte\u00f1o est\u00e1 en su candidatura presidencial. En el mientras tanto, quedan en segundo plano reclamos diarios de los porte\u00f1os sobre tarifazos, ventas de espacios p\u00fablicos para negocios inmobiliarios y gastos innecesarios en cargos estatales.<\/p>\n<p>&nbsp;<\/p>\n<p><strong>La mesa de JXC<\/strong><\/p>\n<p>En paralelo a esta foto, Patricia Bullrich se mostr\u00f3 junto a la plana mayor de Juntos por el Cambio en el lanzamiento de la Mesa Federal para dirimir internas de cara al 2023. La convocatoria fue acordada el 15 de febrero pasado en una reuni\u00f3n mantuvieron los presidentes de los principales partidos que integran la coalici\u00f3n: Bullrich (PRO), Miguel \u00c1ngel Pichetto (Peronismo Republicano), Gerardo Morales (UCR) y Maximiliano Ferraro (CC).<\/p>\n<p>De esta manera, se busca darle mayor calibre institucional a la coalici\u00f3n opositora en un a\u00f1o clave para comenzar a definir el armado electoral tanto en JxC como el Frente de Todos. Ahora, la oposici\u00f3n buscar\u00e1 avanzar con encuentros provinciales que luego trasladaran los ejes tratados a la Mesa Federal y culminar con un masivo Congreso Nacional.<\/p>\n<p>En resumen, la coalici\u00f3n opositora ya tiene entre ceja y ceja el 2023 a pesar de que puertas afueras apelan a un discurso de \u201ccautela\u201d como estrategia para que el electorado no cuestione la ambici\u00f3n pol\u00edtica. Sin embargo, del otro lado de los muros las internas son cada d\u00eda m\u00e1s feroces, con traspaso de bandos y fuertes cuestionamientos entre los sectores que componen la alianza.<\/p>\n","protected":false},"excerpt":{"rendered":"<p>La coalici\u00f3n opositora habla de cautela de cara a los pr\u00f3ximos comicios, pero las internas son furiosas &nbsp; &nbsp; Cada vez que se paran frente a los micr\u00f3fonos, los referentes de Juntos por el Cambio vinculados al PRO evitan dar precisiones sobre el armado de cara a las elecciones 2023. \u201cNo es el momento\u201d, esgrimen y subrayan que hoy la agenda va por otro lado. Sin embargo, puertas adentros hay movimientos y discusiones internas entre los dos bandos del espacio amarillo con un claro objetivo: empezar a diagramar las listas&#8230;<\/p>\n","protected":false},"author":3,"featured_media":82766,"comment_status":"closed","ping_status":"closed","sticky":false,"template":"","format":"standard","meta":[],"categories":[18],"tags":[],"_links":{"self":[{"href":"https:\/\/www.actualidadadiario.com\/index.php\/wp-json\/wp\/v2\/posts\/82765"}],"collection":[{"href":"https:\/\/www.actualidadadiario.com\/index.php\/wp-json\/wp\/v2\/posts"}],"about":[{"href":"https:\/\/www.actualidadadiario.com\/index.php\/wp-json\/wp\/v2\/types\/post"}],"author":[{"embeddable":true,"href":"https:\/\/www.actualidadadiario.com\/index.php\/wp-json\/wp\/v2\/users\/3"}],"replies":[{"embeddable":true,"href":"https:\/\/www.actualidadadiario.com\/index.php\/wp-json\/wp\/v2\/comments?post=82765"}],"version-history":[{"count":1,"href":"https:\/\/www.actualidadadiario.com\/index.php\/wp-json\/wp\/v2\/posts\/82765\/revisions"}],"predecessor-version":[{"id":82767,"href":"https:\/\/www.actualidadadiario.com\/index.php\/wp-json\/wp\/v2\/posts\/82765\/revisions\/82767"}],"wp:featuredmedia":[{"embeddable":true,"href":"https:\/\/www.actualidadadiario.com\/index.php\/wp-json\/wp\/v2\/media\/82766"}],"wp:attachment":[{"href":"https:\/\/www.actualidadadiario.com\/index.php\/wp-json\/wp\/v2\/media?parent=82765"}],"wp:term":[{"taxonomy":"category","embeddable":true,"href":"https:\/\/www.actualidadadiario.com\/index.php\/wp-json\/wp\/v2\/categories?post=82765"},{"taxonomy":"post_tag","embeddable":true,"href":"https:\/\/www.actualidadadiario.com\/index.php\/wp-json\/wp\/v2\/tags?post=82765"}],"curies":[{"name":"wp","href":"https:\/\/api.w.org\/{rel}","templated":true}]}}