{"id":82762,"date":"2022-02-23T13:31:02","date_gmt":"2022-02-23T16:31:02","guid":{"rendered":"https:\/\/www.actualidadadiario.com\/?p=82762"},"modified":"2022-02-23T13:31:02","modified_gmt":"2022-02-23T16:31:02","slug":"cabandie-va-al-senado-para-explicar-la-situacion-de-los-incendios","status":"publish","type":"post","link":"https:\/\/www.actualidadadiario.com\/index.php\/2022\/02\/23\/cabandie-va-al-senado-para-explicar-la-situacion-de-los-incendios\/","title":{"rendered":"Cabandi\u00e9 va al Senado para explicar la situaci\u00f3n de los incendios"},"content":{"rendered":"<p style=\"text-align: center;\"><em><strong>El funcionario informar\u00e1 a partir de las 17 ante los legisladores que conforman la Comisi\u00f3n de Ambiente y lo har\u00e1 de manera presencial, ya que el protocolo de encuentros por videoconferencia venci\u00f3 en diciembre y no fue renovado<\/strong><\/em><\/p>\n<p>&nbsp;<\/p>\n<p>&nbsp;<\/p>\n<p>El ministro de Ambiente y Desarrollo Sostenible, Juan Cabandi\u00e9, informar\u00e1 este mi\u00e9rcoles al Senado sobre las acciones llevadas adelante para combatir los incendios que ya afectaron al 10% de la superficie de la provincia de Corrientes.<\/p>\n<p>El funcionario informar\u00e1 a partir de las 17 ante los legisladores que conforman la Comisi\u00f3n de Ambiente y lo har\u00e1 de manera presencial, ya que el protocolo de encuentros por videoconferencia venci\u00f3 en diciembre y no fue renovado.<\/p>\n<p>En tanto, desde las 15 se constituir\u00e1 la Comisi\u00f3n que deber\u00e1 elegir a sus autoridades para este nuevo per\u00edodo que, en principio, continuar\u00e1n siendo la bonaerense Gladys Gonz\u00e1lez, de Juntos por el Cambio (JxC) y la rionegrina Silvina Garc\u00eda Larraburu, por el Frente de Todos (FdT), informaron fuentes legislativas.<\/p>\n<p>El martes se inform\u00f3 que el Ministerio de Ambiente y Desarrollo Sostenible destinar\u00e1 300 millones de pesos al Gobierno de Corrientes para fortalecer la adquisici\u00f3n de equipamiento para las brigadas provinciales y satisfacer demandas log\u00edsticas del operativo de combate a los incendios en curso en la provincia.<\/p>\n<p>As\u00ed lo acord\u00f3 Cabandi\u00e9 durante un encuentro con el gobernador Gustavo Vald\u00e9s en la Casa de Gobierno correntina. Asimismo, el funcionario recorri\u00f3 las zonas afectadas por los incendios forestales.<\/p>\n","protected":false},"excerpt":{"rendered":"<p>El funcionario informar\u00e1 a partir de las 17 ante los legisladores que conforman la Comisi\u00f3n de Ambiente y lo har\u00e1 de manera presencial, ya que el protocolo de encuentros por videoconferencia venci\u00f3 en diciembre y no fue renovado &nbsp; &nbsp; El ministro de Ambiente y Desarrollo Sostenible, Juan Cabandi\u00e9, informar\u00e1 este mi\u00e9rcoles al Senado sobre las acciones llevadas adelante para combatir los incendios que ya afectaron al 10% de la superficie de la provincia de Corrientes. El funcionario informar\u00e1 a partir de las 17 ante los legisladores que conforman la&#8230;<\/p>\n","protected":false},"author":3,"featured_media":82763,"comment_status":"closed","ping_status":"closed","sticky":false,"template":"","format":"standard","meta":[],"categories":[18],"tags":[],"_links":{"self":[{"href":"https:\/\/www.actualidadadiario.com\/index.php\/wp-json\/wp\/v2\/posts\/82762"}],"collection":[{"href":"https:\/\/www.actualidadadiario.com\/index.php\/wp-json\/wp\/v2\/posts"}],"about":[{"href":"https:\/\/www.actualidadadiario.com\/index.php\/wp-json\/wp\/v2\/types\/post"}],"author":[{"embeddable":true,"href":"https:\/\/www.actualidadadiario.com\/index.php\/wp-json\/wp\/v2\/users\/3"}],"replies":[{"embeddable":true,"href":"https:\/\/www.actualidadadiario.com\/index.php\/wp-json\/wp\/v2\/comments?post=82762"}],"version-history":[{"count":1,"href":"https:\/\/www.actualidadadiario.com\/index.php\/wp-json\/wp\/v2\/posts\/82762\/revisions"}],"predecessor-version":[{"id":82764,"href":"https:\/\/www.actualidadadiario.com\/index.php\/wp-json\/wp\/v2\/posts\/82762\/revisions\/82764"}],"wp:featuredmedia":[{"embeddable":true,"href":"https:\/\/www.actualidadadiario.com\/index.php\/wp-json\/wp\/v2\/media\/82763"}],"wp:attachment":[{"href":"https:\/\/www.actualidadadiario.com\/index.php\/wp-json\/wp\/v2\/media?parent=82762"}],"wp:term":[{"taxonomy":"category","embeddable":true,"href":"https:\/\/www.actualidadadiario.com\/index.php\/wp-json\/wp\/v2\/categories?post=82762"},{"taxonomy":"post_tag","embeddable":true,"href":"https:\/\/www.actualidadadiario.com\/index.php\/wp-json\/wp\/v2\/tags?post=82762"}],"curies":[{"name":"wp","href":"https:\/\/api.w.org\/{rel}","templated":true}]}}