{"id":8276,"date":"2017-03-10T10:51:53","date_gmt":"2017-03-10T13:51:53","guid":{"rendered":"http:\/\/actualidadadiario.com\/site\/?p=8276"},"modified":"2017-03-10T10:51:53","modified_gmt":"2017-03-10T13:51:53","slug":"oficializaron-el-aumento-para-las-jubilaciones-y-la-auh","status":"publish","type":"post","link":"https:\/\/www.actualidadadiario.com\/index.php\/2017\/03\/10\/oficializaron-el-aumento-para-las-jubilaciones-y-la-auh\/","title":{"rendered":"Oficializaron el aumento para las jubilaciones y la AUH"},"content":{"rendered":"<p><em><strong>El Gobierno oficializ\u00f3 el aumento del 12,96% para las jubilaciones, pensiones y el programa social Asignaci\u00f3n Universal por Hijo (AUH)<\/strong><\/em><\/p>\n<p>&nbsp;<\/p>\n<p>&nbsp;<\/p>\n<p>&nbsp;<\/p>\n<p>&nbsp;<\/p>\n<p>&nbsp;<\/p>\n<p>La oficializaci\u00f3n fue realizada a trav\u00e9s de la Resoluci\u00f3n 33-E\/2017 publicada este viernes en el Bolet\u00edn Oficial firmada por el jefe de la ANSES, Emilio Basavilbaso.<\/p>\n<p>&nbsp;<\/p>\n<p>El incremento en las prestaciones a cargo del organismo previsional rige desde marzo.<\/p>\n<p>&nbsp;<\/p>\n<p>La jubilaci\u00f3n m\u00ednima pasar\u00e1 de 5.661 pesos a 6.394 pesos y el monto de Asignaci\u00f3n Universal por Hijo ascender\u00e1 de 1.103 a 1.246 pesos.<\/p>\n<p>&nbsp;<\/p>\n<p>Tambi\u00e9n se eleva el valor de la Ayuda Escolar Anual a $ 1.043 por hijo, beneficio para asistir a los trabajadores formales, a los titulares de la Pensi\u00f3n Universal para el Adulto Mayor y los desocupados y trabajadores informales que perciben la AUH.<\/p>\n<p>&nbsp;<\/p>\n<p>El gasto en las prestaciones que cubre la ANSeS aumentar\u00e1 en 122.140 millones de pesos.<\/p>\n<p>&nbsp;<\/p>\n<p>Parte del costo del aumento en las prestaciones se compensar\u00e1 con otro de los efectos que tiene la ley de movilidad: la suba de los aportes de los aut\u00f3nomos, tambi\u00e9n del 12,96%, y del salario m\u00e1ximo para hace el c\u00e1lculo de los aportes a la jubilaci\u00f3n que ser\u00e1 de 72.288,75 pesos.<\/p>\n<p>&nbsp;<\/p>\n<p>A mediados de febrero, el aumento hab\u00eda generado pol\u00e9mica porque el Gobierno hab\u00eda decidido aplicar una f\u00f3rmula distinta a la movilidad jubilatoria que hizo que el incremento fuera de 12,65% y no de 12,96% como fue finalmente.<\/p>\n<p>&nbsp;<\/p>\n<p>El rechazo generalizado al recorte de la suba provoc\u00f3 que el presidente Mauricio Macri ordenara dar marcha atr\u00e1s con el cambio.<\/p>\n","protected":false},"excerpt":{"rendered":"<p>El Gobierno oficializ\u00f3 el aumento del 12,96% para las jubilaciones, pensiones y el programa social Asignaci\u00f3n Universal por Hijo (AUH) &nbsp; &nbsp; &nbsp; &nbsp; &nbsp; La oficializaci\u00f3n fue realizada a trav\u00e9s de la Resoluci\u00f3n 33-E\/2017 publicada este viernes en el Bolet\u00edn Oficial firmada por el jefe de la ANSES, Emilio Basavilbaso. &nbsp; El incremento en las prestaciones a cargo del organismo previsional rige desde marzo. &nbsp; La jubilaci\u00f3n m\u00ednima pasar\u00e1 de 5.661 pesos a 6.394 pesos y el monto de Asignaci\u00f3n Universal por Hijo ascender\u00e1 de 1.103 a 1.246 pesos&#8230;.<\/p>\n","protected":false},"author":3,"featured_media":8277,"comment_status":"closed","ping_status":"closed","sticky":false,"template":"","format":"standard","meta":[],"categories":[18],"tags":[],"_links":{"self":[{"href":"https:\/\/www.actualidadadiario.com\/index.php\/wp-json\/wp\/v2\/posts\/8276"}],"collection":[{"href":"https:\/\/www.actualidadadiario.com\/index.php\/wp-json\/wp\/v2\/posts"}],"about":[{"href":"https:\/\/www.actualidadadiario.com\/index.php\/wp-json\/wp\/v2\/types\/post"}],"author":[{"embeddable":true,"href":"https:\/\/www.actualidadadiario.com\/index.php\/wp-json\/wp\/v2\/users\/3"}],"replies":[{"embeddable":true,"href":"https:\/\/www.actualidadadiario.com\/index.php\/wp-json\/wp\/v2\/comments?post=8276"}],"version-history":[{"count":1,"href":"https:\/\/www.actualidadadiario.com\/index.php\/wp-json\/wp\/v2\/posts\/8276\/revisions"}],"predecessor-version":[{"id":8278,"href":"https:\/\/www.actualidadadiario.com\/index.php\/wp-json\/wp\/v2\/posts\/8276\/revisions\/8278"}],"wp:featuredmedia":[{"embeddable":true,"href":"https:\/\/www.actualidadadiario.com\/index.php\/wp-json\/wp\/v2\/media\/8277"}],"wp:attachment":[{"href":"https:\/\/www.actualidadadiario.com\/index.php\/wp-json\/wp\/v2\/media?parent=8276"}],"wp:term":[{"taxonomy":"category","embeddable":true,"href":"https:\/\/www.actualidadadiario.com\/index.php\/wp-json\/wp\/v2\/categories?post=8276"},{"taxonomy":"post_tag","embeddable":true,"href":"https:\/\/www.actualidadadiario.com\/index.php\/wp-json\/wp\/v2\/tags?post=8276"}],"curies":[{"name":"wp","href":"https:\/\/api.w.org\/{rel}","templated":true}]}}