{"id":82756,"date":"2022-02-23T13:29:06","date_gmt":"2022-02-23T16:29:06","guid":{"rendered":"https:\/\/www.actualidadadiario.com\/?p=82756"},"modified":"2022-02-23T13:29:06","modified_gmt":"2022-02-23T16:29:06","slug":"alberto-fernandez-oficializo-el-llamado-a-la-apertura-de-sesiones-ordinarias-del-congreso","status":"publish","type":"post","link":"https:\/\/www.actualidadadiario.com\/index.php\/2022\/02\/23\/alberto-fernandez-oficializo-el-llamado-a-la-apertura-de-sesiones-ordinarias-del-congreso\/","title":{"rendered":"Alberto Fern\u00e1ndez oficializ\u00f3 el llamado a la apertura de sesiones ordinarias del Congreso"},"content":{"rendered":"<p style=\"text-align: center;\"><em><strong>El Presidente brindar\u00e1 el tradicional discurso para dar cuenta del estado de la Naci\u00f3n y anunciar las iniciativas que enviar\u00e1 el Gobierno al Poder Legislativo<\/strong><\/em><\/p>\n<p>&nbsp;<\/p>\n<p>&nbsp;<\/p>\n<p>El presidente Alberto Fern\u00e1ndez oficializ\u00f3 la convocatoria a la apertura de sesiones ordinarias para el pr\u00f3ximo martes 1\u00ba de marzo, ocasi\u00f3n en la que brindar\u00e1 el tradicional discurso para dar cuenta del estado de la Naci\u00f3n y anunciar las iniciativas que enviar\u00e1 el Gobierno al Congreso.<\/p>\n<p>A trav\u00e9s del Decreto 92\/2022, publicado este mi\u00e9rcoles en el Bolet\u00edn Oficial, el mandatario indic\u00f3 que la reuni\u00f3n de la Asamblea Legislativa se llevar\u00e1 a cabo el primer d\u00eda del pr\u00f3ximo mes a las 12. En ese marco, tal como lo establece el inciso n\u00famero ocho del art\u00edculo 99 de la Constituci\u00f3n, Alberto Fern\u00e1ndez dar\u00e1 cuenta del estado de la Naci\u00f3n y anticipar\u00e1 algunos de los proyectos que enviar\u00e1 al Congreso.<\/p>\n<p>El discurso ser\u00e1 transmitido por cadena nacional, de acuerdo a lo que fija el art\u00edculo 75 de la Ley de Servicios de Comunicaci\u00f3n Audiovisual. Seg\u00fan hab\u00eda se\u00f1alado, el asesor presidencial Alejandro Grimson y el secretario general de la Presidencia, Julio Vitobello, son los colaboradores con los que el jefe de Estado comenz\u00f3 a elaborar su discurso.<\/p>\n<p>&#8220;Desde diciembre los ministerios env\u00edan informes de gesti\u00f3n a la Secretar\u00eda General de la Presidencia que va trabajando los informes junto con Alejandro Grimson, que es quien hace la propuesta de discurso al Presidente y terminan de trabajarlo juntos&#8221;, graficaron fuentes oficiales. En la apertura de sesiones ordinarias, el mandatario buscar\u00e1 instalar una serie de temas que ser\u00e1n los &#8220;centrales&#8221; para el per\u00edodo que resta de su mandato.<\/p>\n<p>Una de las iniciativas que anunciar\u00e1 en el Congreso ser\u00e1 un Plan de Salud Mental que permita abordar los traumas derivados de la pandemia del coronavirus. Dentro de la serie de temas que ser\u00e1n prioritarios en la pr\u00f3xima etapa del Gobierno se encuentran los proyectos abocados al desarrollo econ\u00f3mico y aquellos vinculados al ambiente y el cambio clim\u00e1tico.<\/p>\n<p>Adem\u00e1s, la cuesti\u00f3n de g\u00e9nero ser\u00e1 otro de los grandes ejes, motivo por el que desde el oficialismo se trabaja en un proyecto para licencias compartidas por el nacimiento de un hijo, con el fin de que genere un mayor equilibrio en las tareas de cuidado.<\/p>\n<p>Seg\u00fan se supo, el objetivo del Presidente y su equipo es que el discurso del pr\u00f3ximo 1\u00ba de marzo funcione como &#8220;un momento bisagra&#8221; para su gesti\u00f3n, en el que una vez superado el acuerdo con el Fondo Monetario Internacional (FMI) y los momentos m\u00e1s cr\u00edticos de la pandemia pueda enfocarse en los temas por los que el Ejecutivo &#8220;quiere ser recordado&#8221;.<\/p>\n","protected":false},"excerpt":{"rendered":"<p>El Presidente brindar\u00e1 el tradicional discurso para dar cuenta del estado de la Naci\u00f3n y anunciar las iniciativas que enviar\u00e1 el Gobierno al Poder Legislativo &nbsp; &nbsp; El presidente Alberto Fern\u00e1ndez oficializ\u00f3 la convocatoria a la apertura de sesiones ordinarias para el pr\u00f3ximo martes 1\u00ba de marzo, ocasi\u00f3n en la que brindar\u00e1 el tradicional discurso para dar cuenta del estado de la Naci\u00f3n y anunciar las iniciativas que enviar\u00e1 el Gobierno al Congreso. A trav\u00e9s del Decreto 92\/2022, publicado este mi\u00e9rcoles en el Bolet\u00edn Oficial, el mandatario indic\u00f3 que la&#8230;<\/p>\n","protected":false},"author":3,"featured_media":82757,"comment_status":"closed","ping_status":"closed","sticky":false,"template":"","format":"standard","meta":[],"categories":[9],"tags":[],"_links":{"self":[{"href":"https:\/\/www.actualidadadiario.com\/index.php\/wp-json\/wp\/v2\/posts\/82756"}],"collection":[{"href":"https:\/\/www.actualidadadiario.com\/index.php\/wp-json\/wp\/v2\/posts"}],"about":[{"href":"https:\/\/www.actualidadadiario.com\/index.php\/wp-json\/wp\/v2\/types\/post"}],"author":[{"embeddable":true,"href":"https:\/\/www.actualidadadiario.com\/index.php\/wp-json\/wp\/v2\/users\/3"}],"replies":[{"embeddable":true,"href":"https:\/\/www.actualidadadiario.com\/index.php\/wp-json\/wp\/v2\/comments?post=82756"}],"version-history":[{"count":1,"href":"https:\/\/www.actualidadadiario.com\/index.php\/wp-json\/wp\/v2\/posts\/82756\/revisions"}],"predecessor-version":[{"id":82758,"href":"https:\/\/www.actualidadadiario.com\/index.php\/wp-json\/wp\/v2\/posts\/82756\/revisions\/82758"}],"wp:featuredmedia":[{"embeddable":true,"href":"https:\/\/www.actualidadadiario.com\/index.php\/wp-json\/wp\/v2\/media\/82757"}],"wp:attachment":[{"href":"https:\/\/www.actualidadadiario.com\/index.php\/wp-json\/wp\/v2\/media?parent=82756"}],"wp:term":[{"taxonomy":"category","embeddable":true,"href":"https:\/\/www.actualidadadiario.com\/index.php\/wp-json\/wp\/v2\/categories?post=82756"},{"taxonomy":"post_tag","embeddable":true,"href":"https:\/\/www.actualidadadiario.com\/index.php\/wp-json\/wp\/v2\/tags?post=82756"}],"curies":[{"name":"wp","href":"https:\/\/api.w.org\/{rel}","templated":true}]}}